{"id":1087,"date":"2014-07-23T09:40:09","date_gmt":"2014-07-23T09:40:09","guid":{"rendered":"https:\/\/www.decoractiva.com\/blog\/?p=1087"},"modified":"2014-07-23T10:35:52","modified_gmt":"2014-07-23T10:35:52","slug":"que-alimentos-deben-estar-lejos-del-frigorifico","status":"publish","type":"post","link":"https:\/\/www.decoractiva.com\/blog\/2014\/07\/que-alimentos-deben-estar-lejos-del-frigorifico\/","title":{"rendered":"\u00bfQu\u00e9 alimentos deben estar lejos del frigor\u00edfico?"},"content":{"rendered":"<p dir=\"ltr\" style=\"text-align: justify;\"><img decoding=\"async\" loading=\"lazy\" alt=\"\" src=\"https:\/\/lh3.googleusercontent.com\/Hzh8hOaZVG7YmpjH0WzSXqJ5n3YUBNhMD9zkhFjIKoTl6zKOkhoLiIhR3CiDyTWJ_Ki1SezSD_LDN8dhM6AM4kOz1YrHa08Kcywa9IJ12ag8CXkkN7Jqh6i7XgZgTGwIPQ\" width=\"624px;\" height=\"351px;\" \/><\/p>\n<p dir=\"ltr\" style=\"text-align: justify;\">(Imagen: fotolia)<\/p>\n<p dir=\"ltr\" style=\"text-align: justify;\">Meter los alimentos en el frigor\u00edfico es un proceso casi mec\u00e1nico en muchas ocasiones, pero lo cierto es que hay alimentos que conviene tener alejados de este electrodom\u00e9stico porque pierden su sabor o sus propiedades, \u00bfQuieres saber cu\u00e1les son? Te lo contamos.<\/p>\n<p dir=\"ltr\" style=\"text-align: justify;\"><!--more--><\/p>\n<p dir=\"ltr\" style=\"text-align: justify;\"><strong>Tomates<\/strong>: Esta hortaliza al meterla en el frigor\u00edfico pierde todo su sabor y su textura se ve alterada, por lo que lo mejor es tenerlos en un bol en una encimera o estanter\u00eda de tu cocina,<\/p>\n<p dir=\"ltr\" style=\"text-align: justify;\"><strong>Patatas<\/strong>: \u00bfquieres tener una patata dulzona y harinosa? Entonces m\u00e9tela en el frigor\u00edfico. El almid\u00f3n se transforma en az\u00facares y se altera por completo el sabor de la misma.<\/p>\n<p dir=\"ltr\" style=\"text-align: justify;\"><strong>Albahaca:<\/strong> si compras albahaca fresca y la metes en el frigor\u00edfico es una verdadera l\u00e1stima porque se marchitar\u00e1 enseguida y adem\u00e1s absorber\u00e1 los olores del resto de alimentos.<\/p>\n<p dir=\"ltr\" style=\"text-align: justify;\"><strong>Aguacate<\/strong>: aunque hayas comprado un aguacate muy maduro y quieras esperar un poco para usarlo, no lo metas en el frigor\u00edfico, porque se volver\u00e1 negro y duro como una piedra.<\/p>\n<p style=\"text-align: justify;\"><strong>Cebollas<\/strong>: La humedad de la nevera hace que las cebollas se reblandezcan y se pongan mohosas r\u00e1pidamente, adem\u00e1s empiezan a germinar peque\u00f1os brotes.<\/p>\n<p style=\"text-align: justify;\"><strong>Frutas tropicales:<\/strong> el pl\u00e1tano o la pi\u00f1a tampoco tienen entre sus mejores amigos al frigor\u00edfico ya que el fr\u00edo hace que su pulpa se ponga pastosa y su piel negra.<\/p>\n<p style=\"text-align: justify;\"><strong>Chocolate<\/strong>: salvo que haga mucho calor o contenta un relleno l\u00e1cteo, no hay que introducir el chocolate el frigor\u00edfico porque su textura y su sabor se alteran.<\/p>\n<p style=\"text-align: justify;\"><strong>Pan y boller\u00eda<\/strong>: tambi\u00e9n conviene alejarlos de este electrodom\u00e9stico ya que el fr\u00edo hace que se pongan duros y se sequen.<\/p>\n<p style=\"text-align: justify;\">Entre las recomendaciones tambi\u00e9n figuran la de mantener a temperatura ambiente los quesos curados si se van a consumir con cierta rapidez, y evitar introducir en el frigor\u00edfico el caf\u00e9, la miel y el aceite de oliva. \u00bfHay alg\u00fan otro alimento que nos hayamos dejamos en el tintero?<br \/>\nFuente ABC.es<\/p>\n","protected":false},"excerpt":{"rendered":"<p>(Imagen: fotolia) Meter los alimentos en el frigor\u00edfico es un proceso casi mec\u00e1nico en muchas ocasiones, pero lo cierto es que hay alimentos que conviene tener alejados de este electrodom\u00e9stico porque pierden su sabor o sus propiedades, \u00bfQuieres saber cu\u00e1les son? Te lo contamos.<\/p>\n","protected":false},"author":1,"featured_media":1091,"comment_status":"open","ping_status":"open","sticky":false,"template":"","format":"standard","meta":{"twitterCardType":"","cardImageID":0,"cardImage":"","cardTitle":"","cardDesc":"","cardImageAlt":"","cardPlayer":"","cardPlayerWidth":0,"cardPlayerHeight":0,"cardPlayerStream":"","cardPlayerCodec":""},"categories":[56,4],"tags":[263,27,266,264,265],"_links":{"self":[{"href":"https:\/\/www.decoractiva.com\/blog\/wp-json\/wp\/v2\/posts\/1087"}],"collection":[{"href":"https:\/\/www.decoractiva.com\/blog\/wp-json\/wp\/v2\/posts"}],"about":[{"href":"https:\/\/www.decoractiva.com\/blog\/wp-json\/wp\/v2\/types\/post"}],"author":[{"embeddable":true,"href":"https:\/\/www.decoractiva.com\/blog\/wp-json\/wp\/v2\/users\/1"}],"replies":[{"embeddable":true,"href":"https:\/\/www.decoractiva.com\/blog\/wp-json\/wp\/v2\/comments?post=1087"}],"version-history":[{"count":4,"href":"https:\/\/www.decoractiva.com\/blog\/wp-json\/wp\/v2\/posts\/1087\/revisions"}],"predecessor-version":[{"id":1093,"href":"https:\/\/www.decoractiva.com\/blog\/wp-json\/wp\/v2\/posts\/1087\/revisions\/1093"}],"wp:featuredmedia":[{"embeddable":true,"href":"https:\/\/www.decoractiva.com\/blog\/wp-json\/wp\/v2\/media\/1091"}],"wp:attachment":[{"href":"https:\/\/www.decoractiva.com\/blog\/wp-json\/wp\/v2\/media?parent=1087"}],"wp:term":[{"taxonomy":"category","embeddable":true,"href":"https:\/\/www.decoractiva.com\/blog\/wp-json\/wp\/v2\/categories?post=1087"},{"taxonomy":"post_tag","embeddable":true,"href":"https:\/\/www.decoractiva.com\/blog\/wp-json\/wp\/v2\/tags?post=1087"}],"curies":[{"name":"wp","href":"https:\/\/api.w.org\/{rel}","templated":true}]}}