{"id":1164,"date":"2014-09-17T09:53:25","date_gmt":"2014-09-17T09:53:25","guid":{"rendered":"https:\/\/www.decoractiva.com\/blog\/?p=1164"},"modified":"2014-09-17T09:56:03","modified_gmt":"2014-09-17T09:56:03","slug":"hojaldre-de-crema-con-nueces","status":"publish","type":"post","link":"https:\/\/www.decoractiva.com\/blog\/2014\/09\/hojaldre-de-crema-con-nueces\/","title":{"rendered":"Hojaldre de crema con nueces"},"content":{"rendered":"<p style=\"text-align: justify;\">Aunque a\u00fan no ha llegado el oto\u00f1o os vamos a ir adelantando una receta que es perfecta para acompa\u00f1ar un t\u00e9 o un caf\u00e9 bien caliente. Se trata de un hojaldre de crema con nueces, un postre t\u00edpico de nuestros vecinos de Portugal, muy f\u00e1cil de preparar y con un textura tan cremosa que te encantar\u00e1 si a\u00fan no lo has probado.<\/p>\n<p dir=\"ltr\" style=\"text-align: justify;\"><img decoding=\"async\" loading=\"lazy\" alt=\"hojaldre a la crema con nueces\" src=\"https:\/\/lh5.googleusercontent.com\/ReTYIQyrIiEEDlajvZRigB70L9Uhewyfv17lJYgeAEExAvy2zomgQlh2gUg05x0-cREClrksv3sQpUTCv-Pw-4DtM1EGtoAT9V7AWiA1ZINQ9HI5h6J4WEtgWifhQD-IQw\" width=\"400px;\" height=\"307px;\" \/><\/p>\n<p dir=\"ltr\" style=\"text-align: justify;\"><strong><!--more--><\/strong><\/p>\n<p dir=\"ltr\" style=\"text-align: justify;\"><strong>\u00bfQu\u00e9 ingredientes vamos a necesitar?<\/strong><\/p>\n<p dir=\"ltr\" style=\"text-align: justify;\">-1 l\u00e1mina de hojaldre<\/p>\n<p dir=\"ltr\" style=\"text-align: justify;\">&#8211; 250 ml. de leche desnatada<\/p>\n<p dir=\"ltr\" style=\"text-align: justify;\">&#8211; 25 gramos. de harina de ma\u00edz<\/p>\n<p dir=\"ltr\" style=\"text-align: justify;\">&#8211; 75 gramos de az\u00facar<\/p>\n<p dir=\"ltr\" style=\"text-align: justify;\">&#8211; 2 yemas de huevo<\/p>\n<p dir=\"ltr\" style=\"text-align: justify;\">&#8211; 4-6 nueces<\/p>\n<p dir=\"ltr\" style=\"text-align: justify;\">&#8211; Corteza de lim\u00f3n<\/p>\n<p dir=\"ltr\" style=\"text-align: justify;\">&#8211; 1 huevo para pincelar el hojaldre<\/p>\n<p dir=\"ltr\" style=\"text-align: justify;\">&#8211; 4 onzas de chocolate (para decorar plato de presentaci\u00f3n)<\/p>\n<p style=\"text-align: justify;\"><strong>\u00bfC\u00f3mo se hace?<\/strong><\/p>\n<p dir=\"ltr\" style=\"text-align: justify;\">El primer paso consiste en calentar en un cacito la leche, el az\u00facar, la harina de ma\u00edz y la corteza de lim\u00f3n.<\/p>\n<p dir=\"ltr\" style=\"text-align: justify;\">Vamos removiendo la mezcla de la crema con la ayuda de una varilla, durante unos 2 minutos o hasta que llegue a hervir. Una vez que la crema lleve hirviendo un tiempo y \u00a0comprobamos que ya tiene una textura de crema, ya es hora de sacar las cortezas del lim\u00f3n, a\u00f1adimos las yemas y removemos bien para que no queden hilos.<\/p>\n<p dir=\"ltr\" style=\"text-align: justify;\">Ya tendr\u00edamos lista la crema con la que rellenaremos el hojaldre a la crema con nueces.<\/p>\n<p dir=\"ltr\" style=\"text-align: justify;\">El siguiente paso es preparar el hojaldre, para ello, deberemos cortar la l\u00e1mina en porciones en forma de cuadrado y en el centro de cada una de ellas, ponemos la crema, doblamos las puntas hacia el interior y en el centro, colocamos una cucharadita de nueces picadas.<\/p>\n<p style=\"text-align: justify;\">Por \u00faltimo, pasamos el hojaldre a la crema con nueces a una bandeja de horno con papel vegetal y repartimos sobre la superficie con el pincel el huevo batido para darle algo de brillo.<\/p>\n<p dir=\"ltr\" style=\"text-align: justify;\">Horneamos a temperatura m\u00e1xima durante 5 minutos aproximadamente o hasta que el postre est\u00e9 dorado. Mientras est\u00e1 en el horno, puedes aprovechar para preparar el chocolate para adornar poniendo las 4 onzas de chocolate junto con una cucharada de leche, se mete al microondas durante 20 segundos y listo.<\/p>\n<p dir=\"ltr\" style=\"text-align: justify;\">Un vez que sacas el postre del horno, lo emplatamos y le damos un toque personal a nuestra presentaci\u00f3n con el chocolate.<\/p>\n<p dir=\"ltr\" style=\"text-align: justify;\">\u00a1Buen provecho!<\/p>\n<p style=\"text-align: justify;\">Fuente y Fotos de: <a href=\"http:\/\/recetassami.blogspot.com.es\">http:\/\/recetassami.blogspot.com.e<\/a>s<\/p>\n","protected":false},"excerpt":{"rendered":"<p>Aunque a\u00fan no ha llegado el oto\u00f1o os vamos a ir adelantando una receta que es perfecta para acompa\u00f1ar un t\u00e9 o un caf\u00e9 bien caliente. Se trata de un hojaldre de crema con nueces, un postre t\u00edpico de nuestros vecinos de Portugal, muy f\u00e1cil de preparar y con un textura tan cremosa que te [&hellip;]<\/p>\n","protected":false},"author":1,"featured_media":0,"comment_status":"open","ping_status":"open","sticky":false,"template":"","format":"standard","meta":{"twitterCardType":"","cardImageID":0,"cardImage":"","cardTitle":"","cardDesc":"","cardImageAlt":"","cardPlayer":"","cardPlayerWidth":0,"cardPlayerHeight":0,"cardPlayerStream":"","cardPlayerCodec":""},"categories":[56,5],"tags":[206,11],"_links":{"self":[{"href":"https:\/\/www.decoractiva.com\/blog\/wp-json\/wp\/v2\/posts\/1164"}],"collection":[{"href":"https:\/\/www.decoractiva.com\/blog\/wp-json\/wp\/v2\/posts"}],"about":[{"href":"https:\/\/www.decoractiva.com\/blog\/wp-json\/wp\/v2\/types\/post"}],"author":[{"embeddable":true,"href":"https:\/\/www.decoractiva.com\/blog\/wp-json\/wp\/v2\/users\/1"}],"replies":[{"embeddable":true,"href":"https:\/\/www.decoractiva.com\/blog\/wp-json\/wp\/v2\/comments?post=1164"}],"version-history":[{"count":5,"href":"https:\/\/www.decoractiva.com\/blog\/wp-json\/wp\/v2\/posts\/1164\/revisions"}],"predecessor-version":[{"id":1167,"href":"https:\/\/www.decoractiva.com\/blog\/wp-json\/wp\/v2\/posts\/1164\/revisions\/1167"}],"wp:attachment":[{"href":"https:\/\/www.decoractiva.com\/blog\/wp-json\/wp\/v2\/media?parent=1164"}],"wp:term":[{"taxonomy":"category","embeddable":true,"href":"https:\/\/www.decoractiva.com\/blog\/wp-json\/wp\/v2\/categories?post=1164"},{"taxonomy":"post_tag","embeddable":true,"href":"https:\/\/www.decoractiva.com\/blog\/wp-json\/wp\/v2\/tags?post=1164"}],"curies":[{"name":"wp","href":"https:\/\/api.w.org\/{rel}","templated":true}]}}