{"id":1176,"date":"2014-10-03T12:10:24","date_gmt":"2014-10-03T12:10:24","guid":{"rendered":"https:\/\/www.decoractiva.com\/blog\/?p=1176"},"modified":"2014-10-03T14:47:12","modified_gmt":"2014-10-03T14:47:12","slug":"promocion-la-cocina-que-quieres-a-tu-alcance-con-decoractiva-2","status":"publish","type":"post","link":"https:\/\/www.decoractiva.com\/blog\/2014\/10\/promocion-la-cocina-que-quieres-a-tu-alcance-con-decoractiva-2\/","title":{"rendered":"PROMOCI\u00d3N \u201cLA COCINA QUE QUIERES A TU ALCANCE CON DECORACTIVA\u201d"},"content":{"rendered":"<p dir=\"ltr\" style=\"text-align: justify;\"><a href=\"https:\/\/www.decoractiva.com\/blog\/wp-content\/uploads\/2014\/10\/modelosELECTROLUX.jpg\"><br \/>\n<\/a>Si te perdiste nuestra promoci\u00f3n de primavera, en oto\u00f1o llega una nueva oportunidad de\u00a0conseguir la cocina que quieres. Porque DECORactiva vuelve con \u201cLa cocina que quieres a\u00a0tu alcance\u201d, una promoci\u00f3n muy especial para que puedas renovar tu cocina a un precio\u00a0excepcional!.<\/p>\n<p>\u00a0<a href=\"https:\/\/www.decoractiva.com\/blog\/wp-content\/uploads\/2014\/10\/COCINA-KEUKEN+ELECTROLUX-2.jpg\"><img decoding=\"async\" loading=\"lazy\" class=\"aligncenter size-full wp-image-1178\" alt=\"COCINA KEUKEN+ELECTROLUX (2)\" src=\"https:\/\/www.decoractiva.com\/blog\/wp-content\/uploads\/2014\/10\/COCINA-KEUKEN+ELECTROLUX-2.jpg\" width=\"800\" height=\"474\" srcset=\"https:\/\/www.decoractiva.com\/blog\/wp-content\/uploads\/2014\/10\/COCINA-KEUKEN+ELECTROLUX-2.jpg 800w, https:\/\/www.decoractiva.com\/blog\/wp-content\/uploads\/2014\/10\/COCINA-KEUKEN+ELECTROLUX-2-300x177.jpg 300w\" sizes=\"(max-width: 800px) 100vw, 800px\" \/><\/a><\/p>\n<p dir=\"ltr\"><!--more--><\/p>\n<p dir=\"ltr\" style=\"text-align: justify;\">\u00bfTe gusta? Es una cocina de nuestra marca Keuken, con un acabado laminado mate y tirador\u00a0integrado de aluminio, de venta exclusiva en Tiendas DECORactiva. La oferta del mueble\u00a0que ves en la imagen, con campana, placa de inducci\u00f3n (con regalo de una batidora!), horno\u00a0pirol\u00edtico y lavavajillas, todos de la marca Electrolux incluidos, \u00a1por s\u00f3lo 3.999\u20ac!<\/p>\n<p><a href=\"https:\/\/www.decoractiva.com\/blog\/wp-content\/uploads\/2014\/10\/modelosELECTROLUX.jpg\"><img decoding=\"async\" loading=\"lazy\" alt=\"modelosELECTROLUX\" src=\"https:\/\/www.decoractiva.com\/blog\/wp-content\/uploads\/2014\/10\/modelosELECTROLUX.jpg\" width=\"800\" height=\"219\" \/><\/a><\/p>\n<p style=\"text-align: justify;\">Y para que renovar tu cocina sea todav\u00eda m\u00e1s f\u00e1cil, puedes pagarlo en 24 meses sin intereses,\u00a0en cuotas de 166,62\u20ac al mes (TIN 0% TAE 0%).<\/p>\n<p style=\"text-align: justify;\">\u00a1Por fin puedes tener la cocina que quieres, con muebles Keuken y electrodom\u00e9sticos\u00a0Electrolux, hasta el 30 de noviembre de 2014!<\/p>\n<p>Consulta esta promoci\u00f3n en www.decoractiva.com o preg\u00fantanos en el 902 333 991.<\/p>\n<p>&nbsp;<\/p>\n","protected":false},"excerpt":{"rendered":"<p>Si te perdiste nuestra promoci\u00f3n de primavera, en oto\u00f1o llega una nueva oportunidad de\u00a0conseguir la cocina que quieres. Porque DECORactiva vuelve con \u201cLa cocina que quieres a\u00a0tu alcance\u201d, una promoci\u00f3n muy especial para que puedas renovar tu cocina a un precio\u00a0excepcional!. \u00a0<\/p>\n","protected":false},"author":1,"featured_media":0,"comment_status":"open","ping_status":"open","sticky":false,"template":"","format":"standard","meta":{"twitterCardType":"","cardImageID":0,"cardImage":"","cardTitle":"","cardDesc":"","cardImageAlt":"","cardPlayer":"","cardPlayerWidth":0,"cardPlayerHeight":0,"cardPlayerStream":"","cardPlayerCodec":""},"categories":[56],"tags":[38,380,281],"_links":{"self":[{"href":"https:\/\/www.decoractiva.com\/blog\/wp-json\/wp\/v2\/posts\/1176"}],"collection":[{"href":"https:\/\/www.decoractiva.com\/blog\/wp-json\/wp\/v2\/posts"}],"about":[{"href":"https:\/\/www.decoractiva.com\/blog\/wp-json\/wp\/v2\/types\/post"}],"author":[{"embeddable":true,"href":"https:\/\/www.decoractiva.com\/blog\/wp-json\/wp\/v2\/users\/1"}],"replies":[{"embeddable":true,"href":"https:\/\/www.decoractiva.com\/blog\/wp-json\/wp\/v2\/comments?post=1176"}],"version-history":[{"count":9,"href":"https:\/\/www.decoractiva.com\/blog\/wp-json\/wp\/v2\/posts\/1176\/revisions"}],"predecessor-version":[{"id":1183,"href":"https:\/\/www.decoractiva.com\/blog\/wp-json\/wp\/v2\/posts\/1176\/revisions\/1183"}],"wp:attachment":[{"href":"https:\/\/www.decoractiva.com\/blog\/wp-json\/wp\/v2\/media?parent=1176"}],"wp:term":[{"taxonomy":"category","embeddable":true,"href":"https:\/\/www.decoractiva.com\/blog\/wp-json\/wp\/v2\/categories?post=1176"},{"taxonomy":"post_tag","embeddable":true,"href":"https:\/\/www.decoractiva.com\/blog\/wp-json\/wp\/v2\/tags?post=1176"}],"curies":[{"name":"wp","href":"https:\/\/api.w.org\/{rel}","templated":true}]}}