{"id":1532,"date":"2015-07-01T11:10:13","date_gmt":"2015-07-01T11:10:13","guid":{"rendered":"https:\/\/www.decoractiva.com\/blog\/?p=1532"},"modified":"2015-07-01T11:11:18","modified_gmt":"2015-07-01T11:11:18","slug":"llega-la-nueva-factura-electrica-sabes-en-que-consiste","status":"publish","type":"post","link":"https:\/\/www.decoractiva.com\/blog\/2015\/07\/llega-la-nueva-factura-electrica-sabes-en-que-consiste\/","title":{"rendered":"Llega la nueva factura el\u00e9ctrica, \u00bfsabes en qu\u00e9 consiste?"},"content":{"rendered":"<p dir=\"ltr\" style=\"text-align: center;\"><img decoding=\"async\" loading=\"lazy\" class=\"aligncenter\" alt=\"\" src=\"https:\/\/lh6.googleusercontent.com\/UEeVlAbaqRNr4-Zk-R251vWTnLpP1hnTXzp94pyCus38cb-cujhRk-biA4HBHNzszeeJsKhZzhP-rUBwvPhShpF2mdCUwfk1jebtlgN5FAAiy_Brg8YA091dI4M8odwb5KHS7F4\" width=\"250px;\" height=\"205px;\" \/><\/p>\n<p style=\"text-align: justify;\">Hoy comienza la nueva factura el\u00e9ctrica. Un sistema en principio complejo para los clientes que se adhieran a \u00e9l y que supone un cambio en el precio de la luz en funci\u00f3n del d\u00eda y de la hora en el que se haga uso de ella. Utilizar tus electrodom\u00e9sticos a la hora adecuada puede suponer un ahorro de hasta el 13 por ciento.<\/p>\n<p style=\"text-align: justify;\"><!--more--><\/p>\n<p style=\"text-align: justify;\">Seg\u00fan un informe de la empresa Selectra, dedicada a la comparaci\u00f3n y asesoramiento en tarifas de electricidad y gas, el mejor momento de la semana para consumir electricidad con el nuevo mecanismo de facturaci\u00f3n por horas de la electricidad ser\u00e1, en condiciones normales, el domingo entre las 15.00 y las 18.00 horas, ya que en este intervalo los consumidores podr\u00e1n obtener ahorros de hasta un 13 % con respecto a la media semanal.\u00a0Por el contrario, \u00a0el peor momento de la semana para consumidor ser\u00e1 el lunes, entre las 20.00 y las 22.00 horas.<\/p>\n<p style=\"text-align: justify;\">Este c\u00e1lculo es solo una referencia, puesto que el precio no depender\u00e1 \u00fanicamente de la demanda, sino tambi\u00e9n por ejemplo, de la climatolog\u00eda, que influye en la disponibilidad de centrales en ese momento.<\/p>\n<p dir=\"ltr\" style=\"text-align: justify;\">En definitiva, la empresa recomienda en su informe que se evite el consumo diario entre las 21 y las horas, ya que en principio es la hora en la que el consumo el\u00e9ctrico puede ser m\u00e1s caro, mientras que los fines de semana y especialmente los domingos, ser\u00e1 m\u00e1s econ\u00f3mico.<\/p>\n<p style=\"text-align: justify;\">Los consumidores podr\u00e1n conocer a partir de las 20.30 horas en la web de Red El\u00e9ctrica de Espa\u00f1a \u00a0el precio de la luz en cada hora del d\u00eda siguiente y a trav\u00e9s de apps espec\u00edficas que facilitan esa informaci\u00f3n en cada momento, y te dicen por ejemplo, cu\u00e1l es el mejor momento del d\u00eda para poner la lavadora.<\/p>\n","protected":false},"excerpt":{"rendered":"<p>Hoy comienza la nueva factura el\u00e9ctrica. Un sistema en principio complejo para los clientes que se adhieran a \u00e9l y que supone un cambio en el precio de la luz en funci\u00f3n del d\u00eda y de la hora en el que se haga uso de ella. Utilizar tus electrodom\u00e9sticos a la hora adecuada puede suponer [&hellip;]<\/p>\n","protected":false},"author":1,"featured_media":1533,"comment_status":"open","ping_status":"open","sticky":false,"template":"","format":"standard","meta":{"twitterCardType":"summary_large_image","cardImageID":0,"cardImage":"","cardTitle":"","cardDesc":"","cardImageAlt":"","cardPlayer":"","cardPlayerWidth":0,"cardPlayerHeight":0,"cardPlayerStream":"","cardPlayerCodec":""},"categories":[324],"tags":[326,325],"_links":{"self":[{"href":"https:\/\/www.decoractiva.com\/blog\/wp-json\/wp\/v2\/posts\/1532"}],"collection":[{"href":"https:\/\/www.decoractiva.com\/blog\/wp-json\/wp\/v2\/posts"}],"about":[{"href":"https:\/\/www.decoractiva.com\/blog\/wp-json\/wp\/v2\/types\/post"}],"author":[{"embeddable":true,"href":"https:\/\/www.decoractiva.com\/blog\/wp-json\/wp\/v2\/users\/1"}],"replies":[{"embeddable":true,"href":"https:\/\/www.decoractiva.com\/blog\/wp-json\/wp\/v2\/comments?post=1532"}],"version-history":[{"count":4,"href":"https:\/\/www.decoractiva.com\/blog\/wp-json\/wp\/v2\/posts\/1532\/revisions"}],"predecessor-version":[{"id":1535,"href":"https:\/\/www.decoractiva.com\/blog\/wp-json\/wp\/v2\/posts\/1532\/revisions\/1535"}],"wp:featuredmedia":[{"embeddable":true,"href":"https:\/\/www.decoractiva.com\/blog\/wp-json\/wp\/v2\/media\/1533"}],"wp:attachment":[{"href":"https:\/\/www.decoractiva.com\/blog\/wp-json\/wp\/v2\/media?parent=1532"}],"wp:term":[{"taxonomy":"category","embeddable":true,"href":"https:\/\/www.decoractiva.com\/blog\/wp-json\/wp\/v2\/categories?post=1532"},{"taxonomy":"post_tag","embeddable":true,"href":"https:\/\/www.decoractiva.com\/blog\/wp-json\/wp\/v2\/tags?post=1532"}],"curies":[{"name":"wp","href":"https:\/\/api.w.org\/{rel}","templated":true}]}}