{"id":1569,"date":"2015-08-12T09:30:41","date_gmt":"2015-08-12T09:30:41","guid":{"rendered":"https:\/\/www.decoractiva.com\/blog\/?p=1569"},"modified":"2015-08-12T09:41:58","modified_gmt":"2015-08-12T09:41:58","slug":"mug-cake-de-jamon-y-queso","status":"publish","type":"post","link":"https:\/\/www.decoractiva.com\/blog\/2015\/08\/mug-cake-de-jamon-y-queso\/","title":{"rendered":"Mug Cake de Jam\u00f3n y Queso"},"content":{"rendered":"<p dir=\"ltr\"><img decoding=\"async\" loading=\"lazy\" alt=\"\" src=\"https:\/\/lh3.googleusercontent.com\/KJzDp9lOwZUkMIB412xCTlE2SAWDFU5q8X9OBFCRR6s4nSwiGUzKjnrgpidlPzGEh_sSEW5KciFN688OwILkK8-KzIOHDfDsGR-6Gmp0j0sQiT4bfbFioc3iU9I4YuqUZ326Pp0\" width=\"624px;\" height=\"411px;\" \/><\/p>\n<p>Una receta deliciosa y muy sencilla que podr\u00e1s hacer al microondas en tan s\u00f3lo cinco minutos. \u00a0Se trata de un bizcocho salado para el que necesitas:<\/p>\n<p><!--more--><\/p>\n<ul>\n<li dir=\"ltr\">\n<p dir=\"ltr\">4 cucharadas soperas de harina.<\/p>\n<\/li>\n<li dir=\"ltr\">\n<p dir=\"ltr\">\u00bc cucharada de caf\u00e9 de levadura de reposter\u00eda.<\/p>\n<\/li>\n<li dir=\"ltr\">\n<p dir=\"ltr\">Una pizca de az\u00facar.<\/p>\n<\/li>\n<li dir=\"ltr\">\n<p dir=\"ltr\">Una pizca de sal.<\/p>\n<\/li>\n<li dir=\"ltr\">\n<p dir=\"ltr\">2 cucharadas soperas de aceite de oliva virgen extra.<\/p>\n<\/li>\n<li dir=\"ltr\">\n<p dir=\"ltr\">3 cucharadas soperas de agua.<\/p>\n<\/li>\n<li dir=\"ltr\">\n<p dir=\"ltr\">1 huevo<\/p>\n<\/li>\n<li dir=\"ltr\">\n<p dir=\"ltr\">1 loncha de jam\u00f3n cocido<\/p>\n<\/li>\n<li dir=\"ltr\">\n<p dir=\"ltr\">1 cucharada sopera \u00a0rasa de queso tierno en daditos.<\/p>\n<\/li>\n<\/ul>\n<p dir=\"ltr\">Elaboraci\u00f3n:<\/p>\n<p dir=\"ltr\">Pon en una taza con m\u00e1s volumen que el que ocupar\u00e1n los ingredientes, y que sea apta para microondas, la harina, la levadura, el az\u00facar, la sal (m\u00e1s cantidad de sal que de az\u00facar, pero sin excesos), el aceite de oliva virgen extra, el agua y el huevo.<\/p>\n<p dir=\"ltr\">Bate bien todos los ingredientes en la misma taza con ayuda de una cuchara. Una vez que todos los ingredientes est\u00e9n bien integrados, obtendr\u00e1s una crema fina, homog\u00e9nea y no excesivamente densa.<\/p>\n<p dir=\"ltr\">Trocea la loncha de jam\u00f3n cocido e incorp\u00f3ralo a la preparaci\u00f3n de la taza, a\u00f1ade tambi\u00e9n el queso, que tambi\u00e9n puede ser semicurado, y vuelve a mezclar para que jam\u00f3n y queso se repartan bien. Si lo deseas, a\u00f1ade un golpe de molinillo de pimienta negra.<\/p>\n<p dir=\"ltr\">Introduce la taza en el microondas y programa entre 1\u201940 y 2 minutos, el tiempo puede variar seg\u00fan el microondas. Nosotros lo hemos hecho en dos microondas distintos y en cada uno precisamos el tiempo indicado. Cuando veas que el bizcocho ha subido y la superficie est\u00e1 brillante, puedes comprobar si est\u00e1 hecho, pero antes de abrir la puerta del microondas deja reposar un minuto.<\/p>\n<p>Receta de <a href=\"http:\/\/www.gastronomiaycia.com\">www.gastronomiaycia.com<\/a> bajo esta<a href=\"http:\/\/creativecommons.org\/licenses\/by-nc\/4.0\/deed.es_ES\"> licencia.<\/a><\/p>\n<p>&nbsp;<\/p>\n","protected":false},"excerpt":{"rendered":"<p>Una receta deliciosa y muy sencilla que podr\u00e1s hacer al microondas en tan s\u00f3lo cinco minutos. \u00a0Se trata de un bizcocho salado para el que necesitas:<\/p>\n","protected":false},"author":1,"featured_media":0,"comment_status":"open","ping_status":"open","sticky":false,"template":"","format":"standard","meta":{"twitterCardType":"summary_large_image","cardImageID":0,"cardImage":"","cardTitle":"","cardDesc":"","cardImageAlt":"","cardPlayer":"","cardPlayerWidth":0,"cardPlayerHeight":0,"cardPlayerStream":"","cardPlayerCodec":""},"categories":[76,5],"tags":[],"_links":{"self":[{"href":"https:\/\/www.decoractiva.com\/blog\/wp-json\/wp\/v2\/posts\/1569"}],"collection":[{"href":"https:\/\/www.decoractiva.com\/blog\/wp-json\/wp\/v2\/posts"}],"about":[{"href":"https:\/\/www.decoractiva.com\/blog\/wp-json\/wp\/v2\/types\/post"}],"author":[{"embeddable":true,"href":"https:\/\/www.decoractiva.com\/blog\/wp-json\/wp\/v2\/users\/1"}],"replies":[{"embeddable":true,"href":"https:\/\/www.decoractiva.com\/blog\/wp-json\/wp\/v2\/comments?post=1569"}],"version-history":[{"count":3,"href":"https:\/\/www.decoractiva.com\/blog\/wp-json\/wp\/v2\/posts\/1569\/revisions"}],"predecessor-version":[{"id":1571,"href":"https:\/\/www.decoractiva.com\/blog\/wp-json\/wp\/v2\/posts\/1569\/revisions\/1571"}],"wp:attachment":[{"href":"https:\/\/www.decoractiva.com\/blog\/wp-json\/wp\/v2\/media?parent=1569"}],"wp:term":[{"taxonomy":"category","embeddable":true,"href":"https:\/\/www.decoractiva.com\/blog\/wp-json\/wp\/v2\/categories?post=1569"},{"taxonomy":"post_tag","embeddable":true,"href":"https:\/\/www.decoractiva.com\/blog\/wp-json\/wp\/v2\/tags?post=1569"}],"curies":[{"name":"wp","href":"https:\/\/api.w.org\/{rel}","templated":true}]}}