{"id":1757,"date":"2016-02-02T12:02:55","date_gmt":"2016-02-02T12:02:55","guid":{"rendered":"https:\/\/www.decoractiva.com\/blog\/?p=1757"},"modified":"2016-02-02T12:02:55","modified_gmt":"2016-02-02T12:02:55","slug":"como-integrar-la-cocina-en-el-salon","status":"publish","type":"post","link":"https:\/\/www.decoractiva.com\/blog\/2016\/02\/como-integrar-la-cocina-en-el-salon\/","title":{"rendered":"C\u00f3mo integrar la cocina en el sal\u00f3n"},"content":{"rendered":"<p>&nbsp;<\/p>\n<p dir=\"ltr\"><img decoding=\"async\" loading=\"lazy\" alt=\"integradas.jpg\" src=\"https:\/\/lh6.googleusercontent.com\/uc8H5AXfNAlTwE6_jmWtLK7o38mPSxKOHE1AmM_D5ZtrOaA7wsDaCCwdv5xj7qt9rwF_mHEowgYe9_jENqJ7fn1dUxVxCC52eZSFJjJU0KclKp4YIldn5IZRC3TyGKs0sb4t4SfD\" width=\"564\" height=\"422\" \/><\/p>\n<p style=\"text-align: justify;\">En las que casas que no tienen mucho espacio la opci\u00f3n de unir la cocina y el sal\u00f3n es bastante frecuente, y nos permite optimizar la distribuci\u00f3n de la casa, pero es importante tener en cuenta ciertas consideraciones para que esta integraci\u00f3n sea un \u00e9xito y podamos lograr nuestro objetivo.<\/p>\n<p style=\"text-align: justify;\"><!--more--><\/p>\n<p style=\"text-align: justify;\">Si decides tirar los tabiques y unir ambas estancias ganaremos espacio y luminosidad, pero una de las claves m\u00e1s importantes pasa por dejar que cada zona tenga su propio espacio y diferenciaci\u00f3n, para que cada zona tenga su propia identidad.<\/p>\n<p dir=\"ltr\"><img decoding=\"async\" loading=\"lazy\" alt=\"\" src=\"https:\/\/lh4.googleusercontent.com\/qyty2aALEEkP-hr7_BVYCg2C1n8Y9xy8XFUhg9XBL4UPSE8ld0BJoxVSi-0voKEYxXC_Ziy6O2nnbsWysxWcMtaF872baSHSKXXE5xq2yyfo_Q6k4-GLijYBg-yfeBzvg_3H2Bkw\" width=\"435\" height=\"326\" \/><\/p>\n<p style=\"text-align: justify;\">Una opci\u00f3n que tambi\u00e9n hay que contemplar, es la posibilidad de utilizar tabiques o pilares existentes en la vivienda para hacer esa diferenciaci\u00f3n de espacios.<\/p>\n<p dir=\"ltr\" style=\"text-align: justify;\">Las islas tambi\u00e9n son una opci\u00f3n muy interesante para distribuir los espacios, ya que de cara a la diferenciaci\u00f3n visual, act\u00faan como separador de ambientes.<\/p>\n<p style=\"text-align: justify;\">A la hora de distribuir los muebles, hay que tener en cuenta que los muebles concentrados en una pared ordenan y serenan la visualizaci\u00f3n de un espacio, pero para jugar con los espacios se puede alternar el distintas alturas.<\/p>\n<p dir=\"ltr\">Jugar con texturas y colores es muy importante para crear armon\u00eda entre los espacios.<\/p>\n","protected":false},"excerpt":{"rendered":"<p>&nbsp; En las que casas que no tienen mucho espacio la opci\u00f3n de unir la cocina y el sal\u00f3n es bastante frecuente, y nos permite optimizar la distribuci\u00f3n de la casa, pero es importante tener en cuenta ciertas consideraciones para que esta integraci\u00f3n sea un \u00e9xito y podamos lograr nuestro objetivo.<\/p>\n","protected":false},"author":1,"featured_media":0,"comment_status":"open","ping_status":"open","sticky":false,"template":"","format":"standard","meta":{"twitterCardType":"summary_large_image","cardImageID":0,"cardImage":"","cardTitle":"","cardDesc":"","cardImageAlt":"","cardPlayer":"","cardPlayerWidth":0,"cardPlayerHeight":0,"cardPlayerStream":"","cardPlayerCodec":""},"categories":[56,47],"tags":[],"_links":{"self":[{"href":"https:\/\/www.decoractiva.com\/blog\/wp-json\/wp\/v2\/posts\/1757"}],"collection":[{"href":"https:\/\/www.decoractiva.com\/blog\/wp-json\/wp\/v2\/posts"}],"about":[{"href":"https:\/\/www.decoractiva.com\/blog\/wp-json\/wp\/v2\/types\/post"}],"author":[{"embeddable":true,"href":"https:\/\/www.decoractiva.com\/blog\/wp-json\/wp\/v2\/users\/1"}],"replies":[{"embeddable":true,"href":"https:\/\/www.decoractiva.com\/blog\/wp-json\/wp\/v2\/comments?post=1757"}],"version-history":[{"count":2,"href":"https:\/\/www.decoractiva.com\/blog\/wp-json\/wp\/v2\/posts\/1757\/revisions"}],"predecessor-version":[{"id":1759,"href":"https:\/\/www.decoractiva.com\/blog\/wp-json\/wp\/v2\/posts\/1757\/revisions\/1759"}],"wp:attachment":[{"href":"https:\/\/www.decoractiva.com\/blog\/wp-json\/wp\/v2\/media?parent=1757"}],"wp:term":[{"taxonomy":"category","embeddable":true,"href":"https:\/\/www.decoractiva.com\/blog\/wp-json\/wp\/v2\/categories?post=1757"},{"taxonomy":"post_tag","embeddable":true,"href":"https:\/\/www.decoractiva.com\/blog\/wp-json\/wp\/v2\/tags?post=1757"}],"curies":[{"name":"wp","href":"https:\/\/api.w.org\/{rel}","templated":true}]}}