{"id":1763,"date":"2016-02-17T08:43:17","date_gmt":"2016-02-17T08:43:17","guid":{"rendered":"https:\/\/www.decoractiva.com\/blog\/?p=1763"},"modified":"2016-02-17T08:44:54","modified_gmt":"2016-02-17T08:44:54","slug":"que-alimentos-puedes-comer-en-febrero","status":"publish","type":"post","link":"https:\/\/www.decoractiva.com\/blog\/2016\/02\/que-alimentos-puedes-comer-en-febrero\/","title":{"rendered":"\u00bfQu\u00e9 alimentos puedes comer en febrero?"},"content":{"rendered":"<p>&nbsp;<\/p>\n<p dir=\"ltr\"><img decoding=\"async\" loading=\"lazy\" alt=\"\" src=\"https:\/\/lh6.googleusercontent.com\/SX-9uVhhOx2gmyof4l_yvp2zf64IdCl6E6zHAc0lPLkBU4xxJvjLywAfvhKEmtqPr0KeihqWVk6GmMjRbchzUmmOHiBIBjKZYnydeq8eMcdKqnhabj9Wi5D_8RuepVu1V_fGni1h\" width=\"562\" height=\"418\" \/><\/p>\n<p dir=\"ltr\">\u00bfSabes cu\u00e1les son los alimentos de temporada que puedes adquirir ahora en buena calidad en tu supermercado? Desde el blog de DECORactiva te lo contamos.<\/p>\n<p dir=\"ltr\"><!--more--><\/p>\n<p>En lo que respecta a las frutas es el tiempo de consumir fresa, kiwi, lim\u00f3n, mandarina, manzana, naranja, pl\u00e1tano o pomelo. En cuanto a las verduras y hortalizas, es el momento perfecto para consumir acelga, ajo, alcachofa, apio, berenjena, br\u00f3coli, calabac\u00edn, cardo, cebolla, col lombarda, coliflor, endibia, escarola, esp\u00e1rrago verde, espinaca, guisante, haba, jud\u00eda verde, lechuga, nabo, pepino, pimiento y puerro. Hay bastante para elegir, \u00bfverdad?<\/p>\n<p>Si lo tuyo es el pescado o los mariscos, puedes optar por una amplia variedad este mes, como por ejemplo el bacalao, la angula, el besugo, el camar\u00f3n, las ostras, la lubina y los berberechos.<\/p>\n<p>Si lo que prefieres es la carne, es el tiempo perfecto para consumir cerdo, cochinillo, consejo, cordero&#8230;<\/p>\n<p>&nbsp;<\/p>\n","protected":false},"excerpt":{"rendered":"<p>&nbsp; \u00bfSabes cu\u00e1les son los alimentos de temporada que puedes adquirir ahora en buena calidad en tu supermercado? Desde el blog de DECORactiva te lo contamos.<\/p>\n","protected":false},"author":1,"featured_media":1764,"comment_status":"open","ping_status":"open","sticky":false,"template":"","format":"standard","meta":{"twitterCardType":"summary_large_image","cardImageID":0,"cardImage":"","cardTitle":"","cardDesc":"","cardImageAlt":"","cardPlayer":"","cardPlayerWidth":0,"cardPlayerHeight":0,"cardPlayerStream":"","cardPlayerCodec":""},"categories":[76,56,324],"tags":[269,49,41,348,347],"_links":{"self":[{"href":"https:\/\/www.decoractiva.com\/blog\/wp-json\/wp\/v2\/posts\/1763"}],"collection":[{"href":"https:\/\/www.decoractiva.com\/blog\/wp-json\/wp\/v2\/posts"}],"about":[{"href":"https:\/\/www.decoractiva.com\/blog\/wp-json\/wp\/v2\/types\/post"}],"author":[{"embeddable":true,"href":"https:\/\/www.decoractiva.com\/blog\/wp-json\/wp\/v2\/users\/1"}],"replies":[{"embeddable":true,"href":"https:\/\/www.decoractiva.com\/blog\/wp-json\/wp\/v2\/comments?post=1763"}],"version-history":[{"count":3,"href":"https:\/\/www.decoractiva.com\/blog\/wp-json\/wp\/v2\/posts\/1763\/revisions"}],"predecessor-version":[{"id":1766,"href":"https:\/\/www.decoractiva.com\/blog\/wp-json\/wp\/v2\/posts\/1763\/revisions\/1766"}],"wp:featuredmedia":[{"embeddable":true,"href":"https:\/\/www.decoractiva.com\/blog\/wp-json\/wp\/v2\/media\/1764"}],"wp:attachment":[{"href":"https:\/\/www.decoractiva.com\/blog\/wp-json\/wp\/v2\/media?parent=1763"}],"wp:term":[{"taxonomy":"category","embeddable":true,"href":"https:\/\/www.decoractiva.com\/blog\/wp-json\/wp\/v2\/categories?post=1763"},{"taxonomy":"post_tag","embeddable":true,"href":"https:\/\/www.decoractiva.com\/blog\/wp-json\/wp\/v2\/tags?post=1763"}],"curies":[{"name":"wp","href":"https:\/\/api.w.org\/{rel}","templated":true}]}}