{"id":2520,"date":"2019-01-02T11:33:43","date_gmt":"2019-01-02T11:33:43","guid":{"rendered":"https:\/\/www.decoractiva.com\/blog\/?p=2520"},"modified":"2019-01-02T14:04:53","modified_gmt":"2019-01-02T14:04:53","slug":"tendencias-en-cocinas-para-2019","status":"publish","type":"post","link":"https:\/\/www.decoractiva.com\/blog\/2019\/01\/tendencias-en-cocinas-para-2019\/","title":{"rendered":"Tendencias en cocinas para 2019"},"content":{"rendered":"<p dir=\"ltr\"><img decoding=\"async\" loading=\"lazy\" alt=\"\" src=\"https:\/\/lh3.googleusercontent.com\/sS35ZkBg1VCxi1HuDTJ_jbh2nY8NpYG2u52MXDUpNOO4lmaW3TzeaSoEqUX-i8IQWe-wNcvmwOcgApwuIWvtdql9oRwA1vKF_D0YJKj8vx2o6U1Ql-r1JbYWNgARo5k-TW6Aevwb\" width=\"563\" height=\"453\" \/><\/p>\n<p>Ya est\u00e1 aqu\u00ed 2019 y con \u00e9l las nuevas tendencias en cocinas. \u00bfQuieres conocerlas?<\/p>\n<p dir=\"ltr\"><!--more--><\/p>\n<p dir=\"ltr\">Los hogares modernos apuestan por ambientes conectados y espacios abiertos, haciendo desaparecer las barreras entre la sala de estar, el comedor y la cocina.<\/p>\n<p dir=\"ltr\">Ahora la cocina se convierte en una parte m\u00e1s de la sala de estar, donde la funcionalidad adquiere un segundo plano y se da una mayor importancia al dise\u00f1o y la decoraci\u00f3n de los espacios.<\/p>\n<p>\u00a0Predominan la ausencia de tabiques por lo que para delimitar espacios se hace uso de islas como centro neur\u00e1lgico de la cocina. Dependiendo del tama\u00f1o, se puede utilizar ese espacio para a\u00f1adir la vitrocer\u00e1mica, la campana o poner un espacio para el desayuno.<\/p>\n<p dir=\"ltr\">\u00a0Adem\u00e1s, el dise\u00f1o de cocinas actual apuesta por esconder los electrodom\u00e9sticos, e integrarlos de una manera discreta con el resto de muebles de cocina.<\/p>\n<p>\u00a0En cuanto a los materiales, \u00a0piedra, cemento y madera natural siguen siendo los favoritos de interioristas y decoradores. En maderas vuelven los acabados oscuros y naturales como el roble salvaje, el nogal y todo tipo de maderas que recreen una sensaci\u00f3n natural.<\/p>\n<p>La combinaci\u00f3n de muebles de tonos oscuros con muebles claros es otra tendencia que tambi\u00e9n se est\u00e1 imponiendo. \u00a0Los tonos blancos aportan luminosidad y deber\u00e1n estar situados en los lugares donde necesitemos ver bien.<\/p>\n<p>Otra novedad para este a\u00f1o es la contar con cajones que se abren y cierran de manera autom\u00e1tica. Apenas tenemos que tocarlos para que se abran y mucho menos empujarlos para que se cierren solitos.<\/p>\n","protected":false},"excerpt":{"rendered":"<p>Ya est\u00e1 aqu\u00ed 2019 y con \u00e9l las nuevas tendencias en cocinas. \u00bfQuieres conocerlas?<\/p>\n","protected":false},"author":1,"featured_media":0,"comment_status":"open","ping_status":"open","sticky":false,"template":"","format":"standard","meta":{"twitterCardType":"summary_large_image","cardImageID":0,"cardImage":"","cardTitle":"","cardDesc":"","cardImageAlt":"","cardPlayer":"","cardPlayerWidth":0,"cardPlayerHeight":0,"cardPlayerStream":"","cardPlayerCodec":""},"categories":[56],"tags":[],"_links":{"self":[{"href":"https:\/\/www.decoractiva.com\/blog\/wp-json\/wp\/v2\/posts\/2520"}],"collection":[{"href":"https:\/\/www.decoractiva.com\/blog\/wp-json\/wp\/v2\/posts"}],"about":[{"href":"https:\/\/www.decoractiva.com\/blog\/wp-json\/wp\/v2\/types\/post"}],"author":[{"embeddable":true,"href":"https:\/\/www.decoractiva.com\/blog\/wp-json\/wp\/v2\/users\/1"}],"replies":[{"embeddable":true,"href":"https:\/\/www.decoractiva.com\/blog\/wp-json\/wp\/v2\/comments?post=2520"}],"version-history":[{"count":2,"href":"https:\/\/www.decoractiva.com\/blog\/wp-json\/wp\/v2\/posts\/2520\/revisions"}],"predecessor-version":[{"id":2523,"href":"https:\/\/www.decoractiva.com\/blog\/wp-json\/wp\/v2\/posts\/2520\/revisions\/2523"}],"wp:attachment":[{"href":"https:\/\/www.decoractiva.com\/blog\/wp-json\/wp\/v2\/media?parent=2520"}],"wp:term":[{"taxonomy":"category","embeddable":true,"href":"https:\/\/www.decoractiva.com\/blog\/wp-json\/wp\/v2\/categories?post=2520"},{"taxonomy":"post_tag","embeddable":true,"href":"https:\/\/www.decoractiva.com\/blog\/wp-json\/wp\/v2\/tags?post=2520"}],"curies":[{"name":"wp","href":"https:\/\/api.w.org\/{rel}","templated":true}]}}