{"id":2882,"date":"2020-07-27T13:21:36","date_gmt":"2020-07-27T13:21:36","guid":{"rendered":"https:\/\/www.decoractiva.com\/blog\/?p=2882"},"modified":"2020-07-27T13:21:36","modified_gmt":"2020-07-27T13:21:36","slug":"alfombras-en-las-cocinas-a-favor-o-en-contra","status":"publish","type":"post","link":"https:\/\/www.decoractiva.com\/blog\/2020\/07\/alfombras-en-las-cocinas-a-favor-o-en-contra\/","title":{"rendered":"Alfombras en las cocinas. \u00bfA favor o en contra?"},"content":{"rendered":"<p><a href=\"https:\/\/www.decoractiva.com\/blog\/wp-content\/uploads\/2020\/07\/motivos-alfombra-en-la-cocina2.jpg\"><img decoding=\"async\" loading=\"lazy\" class=\"alignnone size-full wp-image-2883\" src=\"https:\/\/www.decoractiva.com\/blog\/wp-content\/uploads\/2020\/07\/motivos-alfombra-en-la-cocina2.jpg\" alt=\"\" width=\"564\" height=\"469\" srcset=\"https:\/\/www.decoractiva.com\/blog\/wp-content\/uploads\/2020\/07\/motivos-alfombra-en-la-cocina2.jpg 564w, https:\/\/www.decoractiva.com\/blog\/wp-content\/uploads\/2020\/07\/motivos-alfombra-en-la-cocina2-300x249.jpg 300w\" sizes=\"(max-width: 564px) 100vw, 564px\" \/><\/a><\/p>\n<p><!--more--><\/p>\n<p><span style=\"font-weight: 400;\">Las alfombras han ido ganando protagonismo en las cocinas, algo que hace unos a\u00f1os era impensable. Las cocinas abiertas al sal\u00f3n, o los suelos de madera, han hecho que las alfombras se hayan ido incorporando a las cocinas como un accesorio m\u00e1s, que cumple una funci\u00f3n pr\u00e1ctica, pero tambi\u00e9n decorativa.\u00a0<\/span><\/p>\n<p><span style=\"font-weight: 400;\">La funci\u00f3n es proteger el suelo delicado de manchas de grasa, etc, por lo tanto, es muy importante que si vas a instalar una alfombra en tu cocina tengas algo claro: no debes invertir demasiado en ella y es mejor que sea lavable.\u00a0<\/span><\/p>\n<p><span style=\"font-weight: 400;\">Una opci\u00f3n que cada vez gana m\u00e1s adeptos es la alfombra vin\u00edlica, que son muy f\u00e1ciles de limpiar.\u00a0<\/span><\/p>\n<p><span style=\"font-weight: 400;\">\u00bfD\u00f3nde debes colocar la alfombra? Puedes hacerlo bajo la zona de fuegos, en el fregadero o bajo los cubos de basura.\u00a0<\/span><\/p>\n<p><span style=\"font-weight: 400;\">Mucha gente empieza a utilizarla para proteger suelos delicados y acaban enamor\u00e1ndose del toque de estilo que aportan.\u00a0<\/span><\/p>\n<p><span style=\"font-weight: 400;\">Cu\u00e9ntanos, \u00bfest\u00e1s a favor o en contra?<\/span><\/p>\n","protected":false},"excerpt":{"rendered":"","protected":false},"author":9,"featured_media":2883,"comment_status":"open","ping_status":"open","sticky":false,"template":"","format":"standard","meta":{"twitterCardType":"","cardImageID":0,"cardImage":"","cardTitle":"","cardDesc":"","cardImageAlt":"","cardPlayer":"","cardPlayerWidth":0,"cardPlayerHeight":0,"cardPlayerStream":"","cardPlayerCodec":""},"categories":[56],"tags":[],"_links":{"self":[{"href":"https:\/\/www.decoractiva.com\/blog\/wp-json\/wp\/v2\/posts\/2882"}],"collection":[{"href":"https:\/\/www.decoractiva.com\/blog\/wp-json\/wp\/v2\/posts"}],"about":[{"href":"https:\/\/www.decoractiva.com\/blog\/wp-json\/wp\/v2\/types\/post"}],"author":[{"embeddable":true,"href":"https:\/\/www.decoractiva.com\/blog\/wp-json\/wp\/v2\/users\/9"}],"replies":[{"embeddable":true,"href":"https:\/\/www.decoractiva.com\/blog\/wp-json\/wp\/v2\/comments?post=2882"}],"version-history":[{"count":1,"href":"https:\/\/www.decoractiva.com\/blog\/wp-json\/wp\/v2\/posts\/2882\/revisions"}],"predecessor-version":[{"id":2884,"href":"https:\/\/www.decoractiva.com\/blog\/wp-json\/wp\/v2\/posts\/2882\/revisions\/2884"}],"wp:featuredmedia":[{"embeddable":true,"href":"https:\/\/www.decoractiva.com\/blog\/wp-json\/wp\/v2\/media\/2883"}],"wp:attachment":[{"href":"https:\/\/www.decoractiva.com\/blog\/wp-json\/wp\/v2\/media?parent=2882"}],"wp:term":[{"taxonomy":"category","embeddable":true,"href":"https:\/\/www.decoractiva.com\/blog\/wp-json\/wp\/v2\/categories?post=2882"},{"taxonomy":"post_tag","embeddable":true,"href":"https:\/\/www.decoractiva.com\/blog\/wp-json\/wp\/v2\/tags?post=2882"}],"curies":[{"name":"wp","href":"https:\/\/api.w.org\/{rel}","templated":true}]}}