{"id":3120,"date":"2021-06-16T13:57:22","date_gmt":"2021-06-16T13:57:22","guid":{"rendered":"https:\/\/www.decoractiva.com\/blog\/?p=3120"},"modified":"2021-06-16T13:57:22","modified_gmt":"2021-06-16T13:57:22","slug":"reduce-el-consumo-de-tu-frigorifico-de-la-mano-de-siemens","status":"publish","type":"post","link":"https:\/\/www.decoractiva.com\/blog\/2021\/06\/reduce-el-consumo-de-tu-frigorifico-de-la-mano-de-siemens\/","title":{"rendered":"Reduce el consumo de tu frigor\u00edfico de la mano de Siemens"},"content":{"rendered":"<p><a href=\"https:\/\/www.decoractiva.com\/blog\/wp-content\/uploads\/2021\/06\/17641787_consumo-frigorifico-kw.jpeg\"><img decoding=\"async\" loading=\"lazy\" class=\"alignnone size-full wp-image-3121\" src=\"https:\/\/www.decoractiva.com\/blog\/wp-content\/uploads\/2021\/06\/17641787_consumo-frigorifico-kw.jpeg\" alt=\"\" width=\"700\" height=\"467\" srcset=\"https:\/\/www.decoractiva.com\/blog\/wp-content\/uploads\/2021\/06\/17641787_consumo-frigorifico-kw.jpeg 700w, https:\/\/www.decoractiva.com\/blog\/wp-content\/uploads\/2021\/06\/17641787_consumo-frigorifico-kw-300x200.jpeg 300w\" sizes=\"(max-width: 700px) 100vw, 700px\" \/><\/a><\/p>\n<p><span style=\"font-weight: 400;\">Si quieres reducir en tu factura de la luz gracias a un descenso en el consumo de tu frigor\u00edfico, debes tener en cuenta peque\u00f1os trucos que no requieren grandes esfuerzos. Lo primero es, sobre todo, mantener la puerta siempre cerrada y no abrirla de forma innecesaria. Solo esto ya genera un consumo adicional del 20%.\u00a0<\/span><\/p>\n<p><!--more--><\/p>\n<p><span style=\"font-weight: 400;\">Como ya sabes, tambi\u00e9n tienes que evitar meter cosas calientes en su interior, ya que el frigor\u00edfico tiene que aumentar sus esfuerzos para equilibrar la temperatura, y coloca cada cosa en la ubicaci\u00f3n necesaria.\u00a0<\/span><\/p>\n<p><span style=\"font-weight: 400;\">Evitar la formaci\u00f3n de escarcha tambi\u00e9n es muy importante.\u00a0 Los frigor\u00edficos NoFrost Siemens te ayudan, impidiendo que se forme esta inc\u00f3moda capa de hielo, que solo hace que aumente el gasto energ\u00e9tico. Tambi\u00e9n es clave mantener la temperatura del frigor\u00edfico, entre los 4\u00baC y los 6\u00baC para el refrigerador y -18\u00baC para el congelador.<\/span><\/p>\n<p><span style=\"font-weight: 400;\">Si vas a estar fuera un periodo largo de tiempo, desench\u00fafalo, o sencillamente selecciona el \u00abModo vacaciones\u00bb de Siemens. \u00bfQu\u00e9 se consigue con \u00e9l?. Al quedar semi vac\u00eda, la nevera no requiere tantos esfuerzos de conservaci\u00f3n y no no est\u00e1 a una temperatura tan baja. Por cierto, con este Modo Vacaciones, el congelador sigue trabajando de la forma habitual, as\u00ed que no te preocupes por descongelar los alimentos.\u00a0<\/span><\/p>\n<p><span style=\"font-weight: 400;\">Descubre toda la gama de frigor\u00edficos y combis de Siemens en nuestras tiendas. <\/span><\/p>\n","protected":false},"excerpt":{"rendered":"<p>Si quieres reducir en tu factura de la luz gracias a un descenso en el consumo de tu frigor\u00edfico, debes tener en cuenta peque\u00f1os trucos que no requieren grandes esfuerzos. Lo primero es, sobre todo, mantener la puerta siempre cerrada y no abrirla de forma innecesaria. Solo esto ya genera un consumo adicional del 20%.\u00a0<\/p>\n","protected":false},"author":9,"featured_media":0,"comment_status":"open","ping_status":"open","sticky":false,"template":"","format":"standard","meta":{"twitterCardType":"","cardImageID":0,"cardImage":"","cardTitle":"","cardDesc":"","cardImageAlt":"","cardPlayer":"","cardPlayerWidth":0,"cardPlayerHeight":0,"cardPlayerStream":"","cardPlayerCodec":""},"categories":[1],"tags":[],"_links":{"self":[{"href":"https:\/\/www.decoractiva.com\/blog\/wp-json\/wp\/v2\/posts\/3120"}],"collection":[{"href":"https:\/\/www.decoractiva.com\/blog\/wp-json\/wp\/v2\/posts"}],"about":[{"href":"https:\/\/www.decoractiva.com\/blog\/wp-json\/wp\/v2\/types\/post"}],"author":[{"embeddable":true,"href":"https:\/\/www.decoractiva.com\/blog\/wp-json\/wp\/v2\/users\/9"}],"replies":[{"embeddable":true,"href":"https:\/\/www.decoractiva.com\/blog\/wp-json\/wp\/v2\/comments?post=3120"}],"version-history":[{"count":1,"href":"https:\/\/www.decoractiva.com\/blog\/wp-json\/wp\/v2\/posts\/3120\/revisions"}],"predecessor-version":[{"id":3122,"href":"https:\/\/www.decoractiva.com\/blog\/wp-json\/wp\/v2\/posts\/3120\/revisions\/3122"}],"wp:attachment":[{"href":"https:\/\/www.decoractiva.com\/blog\/wp-json\/wp\/v2\/media?parent=3120"}],"wp:term":[{"taxonomy":"category","embeddable":true,"href":"https:\/\/www.decoractiva.com\/blog\/wp-json\/wp\/v2\/categories?post=3120"},{"taxonomy":"post_tag","embeddable":true,"href":"https:\/\/www.decoractiva.com\/blog\/wp-json\/wp\/v2\/tags?post=3120"}],"curies":[{"name":"wp","href":"https:\/\/api.w.org\/{rel}","templated":true}]}}