{"id":3133,"date":"2021-06-30T11:43:34","date_gmt":"2021-06-30T11:43:34","guid":{"rendered":"https:\/\/www.decoractiva.com\/blog\/?p=3133"},"modified":"2021-06-30T11:43:34","modified_gmt":"2021-06-30T11:43:34","slug":"lleva-el-open-concept-a-tu-cocina","status":"publish","type":"post","link":"https:\/\/www.decoractiva.com\/blog\/2021\/06\/lleva-el-open-concept-a-tu-cocina\/","title":{"rendered":"Lleva el Open Concept a tu cocina"},"content":{"rendered":"<p><a href=\"https:\/\/www.decoractiva.com\/blog\/wp-content\/uploads\/2021\/06\/dining-room-2132347_1920.jpg\"><img decoding=\"async\" loading=\"lazy\" class=\"alignnone size-large wp-image-3134\" src=\"https:\/\/www.decoractiva.com\/blog\/wp-content\/uploads\/2021\/06\/dining-room-2132347_1920-1024x683.jpg\" alt=\"\" width=\"1024\" height=\"683\" srcset=\"https:\/\/www.decoractiva.com\/blog\/wp-content\/uploads\/2021\/06\/dining-room-2132347_1920-1024x683.jpg 1024w, https:\/\/www.decoractiva.com\/blog\/wp-content\/uploads\/2021\/06\/dining-room-2132347_1920-300x200.jpg 300w, https:\/\/www.decoractiva.com\/blog\/wp-content\/uploads\/2021\/06\/dining-room-2132347_1920-768x512.jpg 768w, https:\/\/www.decoractiva.com\/blog\/wp-content\/uploads\/2021\/06\/dining-room-2132347_1920-1536x1024.jpg 1536w, https:\/\/www.decoractiva.com\/blog\/wp-content\/uploads\/2021\/06\/dining-room-2132347_1920.jpg 1920w\" sizes=\"(max-width: 1024px) 100vw, 1024px\" \/><\/a><\/p>\n<p><span style=\"font-weight: 400;\">Desde hace varias temporadas, el Open Concept es una de las peticiones m\u00e1s demandadas. Unir en un mismo ambiente la cocina y el sal\u00f3n aporta un cambio de estilo\u00a0 incre\u00edble a tu casa y all finalizar la reforma tienes la sensaci\u00f3n de que est\u00e1s en otra casa. \u00bfY por qu\u00e9 se hace este cambio?<\/span><\/p>\n<p><!--more--><\/p>\n<p><span style=\"font-weight: 400;\">Porque fusionar los espacios est\u00e1 mucho m\u00e1s en l\u00ednea con las necesidades de hoy en d\u00eda.\u00a0 Esta tendencia de dise\u00f1o toma como inspiraci\u00f3n los famosos lofts industriales de los 60 y 70, poniendo la arquitectura al servicio de la decoraci\u00f3n. \u00bfSabes cu\u00e1l es su m\u00e1xima? Es muy sencillo:\u00a0 cuantas menos paredes, mejor.\u00a0\u00a0<\/span><\/p>\n<p><span style=\"font-weight: 400;\">Dejar los tabiques a un lado ayuda a conseguir una vivienda mucho m\u00e1s luminosa gracias al flujo de luz natural. Al combinarlo con un estilo decorativo de l\u00edneas rectas y puras, aporta sensaci\u00f3n es mayor amplitud y as\u00ed t\u00fa puedes percibir que la casa es la que se adapta a ti, y no al rev\u00e9s.<\/span><\/p>\n<p><span style=\"font-weight: 400;\">Adem\u00e1s, al renunciar a las paredes y abrirla al sal\u00f3n, los metros cuadrados parecen multiplicarse. En cuanto a las decisiones a tener en cuenta, ser\u00e1 decidirte por una distribuci\u00f3n en L, en U o con isla. Las tres son fant\u00e1sticas opciones .<\/span><\/p>\n<p><span style=\"font-weight: 400;\">En cuanto a los electrodom\u00e9sticos, por razones obvias te recomendamos que elijas aparatos silenciosos\u00a0 e integrables para evitar ruidos y se integren m\u00e1s con el entorno de tu casa. <\/span><\/p>\n","protected":false},"excerpt":{"rendered":"<p>Desde hace varias temporadas, el Open Concept es una de las peticiones m\u00e1s demandadas. Unir en un mismo ambiente la cocina y el sal\u00f3n aporta un cambio de estilo\u00a0 incre\u00edble a tu casa y all finalizar la reforma tienes la sensaci\u00f3n de que est\u00e1s en otra casa. \u00bfY por qu\u00e9 se hace este cambio?<\/p>\n","protected":false},"author":9,"featured_media":0,"comment_status":"open","ping_status":"open","sticky":false,"template":"","format":"standard","meta":{"twitterCardType":"","cardImageID":0,"cardImage":"","cardTitle":"","cardDesc":"","cardImageAlt":"","cardPlayer":"","cardPlayerWidth":0,"cardPlayerHeight":0,"cardPlayerStream":"","cardPlayerCodec":""},"categories":[1],"tags":[],"_links":{"self":[{"href":"https:\/\/www.decoractiva.com\/blog\/wp-json\/wp\/v2\/posts\/3133"}],"collection":[{"href":"https:\/\/www.decoractiva.com\/blog\/wp-json\/wp\/v2\/posts"}],"about":[{"href":"https:\/\/www.decoractiva.com\/blog\/wp-json\/wp\/v2\/types\/post"}],"author":[{"embeddable":true,"href":"https:\/\/www.decoractiva.com\/blog\/wp-json\/wp\/v2\/users\/9"}],"replies":[{"embeddable":true,"href":"https:\/\/www.decoractiva.com\/blog\/wp-json\/wp\/v2\/comments?post=3133"}],"version-history":[{"count":2,"href":"https:\/\/www.decoractiva.com\/blog\/wp-json\/wp\/v2\/posts\/3133\/revisions"}],"predecessor-version":[{"id":3136,"href":"https:\/\/www.decoractiva.com\/blog\/wp-json\/wp\/v2\/posts\/3133\/revisions\/3136"}],"wp:attachment":[{"href":"https:\/\/www.decoractiva.com\/blog\/wp-json\/wp\/v2\/media?parent=3133"}],"wp:term":[{"taxonomy":"category","embeddable":true,"href":"https:\/\/www.decoractiva.com\/blog\/wp-json\/wp\/v2\/categories?post=3133"},{"taxonomy":"post_tag","embeddable":true,"href":"https:\/\/www.decoractiva.com\/blog\/wp-json\/wp\/v2\/tags?post=3133"}],"curies":[{"name":"wp","href":"https:\/\/api.w.org\/{rel}","templated":true}]}}