{"id":3205,"date":"2021-10-06T09:37:48","date_gmt":"2021-10-06T09:37:48","guid":{"rendered":"https:\/\/www.decoractiva.com\/blog\/?p=3205"},"modified":"2021-10-06T09:37:48","modified_gmt":"2021-10-06T09:37:48","slug":"frigorificos-bosch-para-familias-numerosas","status":"publish","type":"post","link":"https:\/\/www.decoractiva.com\/blog\/2021\/10\/frigorificos-bosch-para-familias-numerosas\/","title":{"rendered":"Frigor\u00edficos Bosch para familias numerosas"},"content":{"rendered":"<p><a href=\"https:\/\/www.decoractiva.com\/blog\/wp-content\/uploads\/2021\/10\/capacidad-frigorificos-XXL-2.jpg\"><img decoding=\"async\" loading=\"lazy\" class=\"alignnone size-full wp-image-3207\" src=\"https:\/\/www.decoractiva.com\/blog\/wp-content\/uploads\/2021\/10\/capacidad-frigorificos-XXL-2.jpg\" alt=\"\" width=\"750\" height=\"325\" srcset=\"https:\/\/www.decoractiva.com\/blog\/wp-content\/uploads\/2021\/10\/capacidad-frigorificos-XXL-2.jpg 750w, https:\/\/www.decoractiva.com\/blog\/wp-content\/uploads\/2021\/10\/capacidad-frigorificos-XXL-2-300x130.jpg 300w\" sizes=\"(max-width: 750px) 100vw, 750px\" \/><\/a><\/p>\n<p><span style=\"font-weight: 400;\">Las familias numerosas tienen en Bosch un gran aliado porque ofrece numerosas soluciones para su cocina. Los modelos convencionales de combis, cuentan con 60 cent\u00edmetros de ancho.<\/span><\/p>\n<p><!--more--><\/p>\n<p><span style=\"font-weight: 400;\">Aunque, en principio, es suficiente para para familias de 4 personas de media, siempre existen hogares con necesidades especiales, y por eso hay otras alternativas:<\/span><\/p>\n<p><b>Frigor\u00edficos con ancho de 70 cent\u00edmetros<\/b><\/p>\n<p><span style=\"font-weight: 400;\">Su modelo combi de 70 cent\u00edmetros de ancho, incorporan 10 cent\u00edmetros adicionales que aportan hasta 69 litros m\u00e1s de capacidad que pueden hacer mucho por ti.\u00a0<\/span><\/p>\n<p><span style=\"font-weight: 400;\">Adem\u00e1s, no es solo cuesti\u00f3n de los diez cent\u00edmetros adicionales de ancho, sino que gracias a sus 67 cent\u00edmetros de fondo, tiene una capacidad \u00fatil de 438 litros, que supone un 19% adicional con respecto al que te hemos mencionado justo antes.<\/span><\/p>\n<p><span style=\"font-weight: 400;\">\u00bfNo te parece suficiente? Pues ahora puedes incorporar 80 cm de profundidad y una capacidad \u00fatil total de 483 litros. Esto supone, nada menos, que un 31% m\u00e1s de capacidad renunciando a las medidas \u2018est\u00e1ndar\u2019.<\/span><\/p>\n<p><b>Frigor\u00edficos de 86 cm de ancho<\/b><\/p>\n<p><span style=\"font-weight: 400;\">Si todo lo que te hemos contado no es suficiente, necesitas incorporar m\u00e1s capacidad, necesitas los frigor\u00edficos con\u00a0 86 cm de ancho y 81 cm de profundidad, una gran opci\u00f3n con grandes prestaciones como en espacio. Son en total, 631 litros, cifra que hasta hace poco solo era posible alcanzar con un frigo americano.\u00a0<\/span><\/p>\n<p><span style=\"font-weight: 400;\">\u00bfY esto en <\/span><span style=\"font-weight: 400;\">qu\u00e9 se traduce? En un\u00a0 71% m\u00e1s de capacidad de la que est\u00e1s acostumbrado.<\/span><\/p>\n<p><span style=\"font-weight: 400;\">Gran capacidad a tu alcance.<\/span><\/p>\n","protected":false},"excerpt":{"rendered":"<p>Las familias numerosas tienen en Bosch un gran aliado porque ofrece numerosas soluciones para su cocina. Los modelos convencionales de combis, cuentan con 60 cent\u00edmetros de ancho.<\/p>\n","protected":false},"author":9,"featured_media":0,"comment_status":"open","ping_status":"open","sticky":false,"template":"","format":"standard","meta":{"twitterCardType":"","cardImageID":0,"cardImage":"","cardTitle":"","cardDesc":"","cardImageAlt":"","cardPlayer":"","cardPlayerWidth":0,"cardPlayerHeight":0,"cardPlayerStream":"","cardPlayerCodec":""},"categories":[1],"tags":[],"_links":{"self":[{"href":"https:\/\/www.decoractiva.com\/blog\/wp-json\/wp\/v2\/posts\/3205"}],"collection":[{"href":"https:\/\/www.decoractiva.com\/blog\/wp-json\/wp\/v2\/posts"}],"about":[{"href":"https:\/\/www.decoractiva.com\/blog\/wp-json\/wp\/v2\/types\/post"}],"author":[{"embeddable":true,"href":"https:\/\/www.decoractiva.com\/blog\/wp-json\/wp\/v2\/users\/9"}],"replies":[{"embeddable":true,"href":"https:\/\/www.decoractiva.com\/blog\/wp-json\/wp\/v2\/comments?post=3205"}],"version-history":[{"count":1,"href":"https:\/\/www.decoractiva.com\/blog\/wp-json\/wp\/v2\/posts\/3205\/revisions"}],"predecessor-version":[{"id":3208,"href":"https:\/\/www.decoractiva.com\/blog\/wp-json\/wp\/v2\/posts\/3205\/revisions\/3208"}],"wp:attachment":[{"href":"https:\/\/www.decoractiva.com\/blog\/wp-json\/wp\/v2\/media?parent=3205"}],"wp:term":[{"taxonomy":"category","embeddable":true,"href":"https:\/\/www.decoractiva.com\/blog\/wp-json\/wp\/v2\/categories?post=3205"},{"taxonomy":"post_tag","embeddable":true,"href":"https:\/\/www.decoractiva.com\/blog\/wp-json\/wp\/v2\/tags?post=3205"}],"curies":[{"name":"wp","href":"https:\/\/api.w.org\/{rel}","templated":true}]}}