{"id":3244,"date":"2021-12-09T12:03:53","date_gmt":"2021-12-09T12:03:53","guid":{"rendered":"https:\/\/www.decoractiva.com\/blog\/?p=3244"},"modified":"2021-12-09T12:03:53","modified_gmt":"2021-12-09T12:03:53","slug":"como-aprovechar-las-texturas-en-la-cocina","status":"publish","type":"post","link":"https:\/\/www.decoractiva.com\/blog\/2021\/12\/como-aprovechar-las-texturas-en-la-cocina\/","title":{"rendered":"C\u00f3mo aprovechar las texturas en la cocina"},"content":{"rendered":"\n<figure class=\"wp-block-image\"><img decoding=\"async\" src=\"https:\/\/lh3.googleusercontent.com\/QoUaP5T_PlSVJ-dy0v24VlOtlzpHB-X1g5o9ShJZb71C84-AdiXHoZxRr5D8I_KYGQ5iGc7hqvnvMJWPrgBQgWY2Yubxh7RJLLQMb3bt9xkZk7jHLjYuCEM2Elypbuad4mFehSUi\" alt=\"\"\/><\/figure>\n\n\n\n<p>A la hora de dise\u00f1ar una cocina, las texturas ayudan a aportar un toque especial a la decoraci\u00f3n sin necesidad de recargar el espacio con colores o objetos decorativos, pero \u00bfc\u00f3mo utilizar texturas en la cocina?<\/p>\n\n\n\n<p>Te vamos a dar todas las claves.\u00a0<\/p>\n\n\n<p><!--more--><\/p>\n\n\n<p>En primer lugar, lo que m\u00e1s llama la atenci\u00f3n de las texturas son los dibujos que estos materiales tienen de forma natural. Las vetas de la madera, los hoyos de una piedra, pueden dar un toque inconfundible a una decoraci\u00f3n, al igual que las l\u00edneas del m\u00e1rmol o el brillo del cristal.<\/p>\n\n\n\n<p>Jugar a combinar es un \u00e9xito garantizado ya que cada material provoca diferentes sensaciones. \u00bfQui\u00e9n ha dicho que s\u00f3lo puedes utilizar una textura?&nbsp; La madera evoca calidez y sensaci\u00f3n de hogar, crea espacios acogedores, y por ejemplo, queda muy bien combinada con la textura del m\u00e1rmol que es m\u00e1s fr\u00eda, creando un estilo moderno muy especial. Tambi\u00e9n en el caso de la madera puedes utilizar sillas o mobiliario industrial con metales para compensar estilos y aprovechar as\u00ed dos tipos de materiales en un mismo espacio.<\/p>\n\n\n\n<p>Otra combinaci\u00f3n posible, es poner la piedra como tu material principal y rebajar un poco su frialdad con una alfombra, y con complementos en tonos c\u00e1lidos.<\/p>\n\n\n\n<p>En cuanto a los colores, ten en cuenta que tambi\u00e9n puedes mezclar acabados amaderados con colores lisos de alto brillo para darle a tu cocina un toque c\u00e1lido y que a la vez d\u00e9 una sensaci\u00f3n de vanguardia.<\/p>\n","protected":false},"excerpt":{"rendered":"<p>A la hora de dise\u00f1ar una cocina, las texturas ayudan a aportar un toque especial a la decoraci\u00f3n sin necesidad de recargar el espacio con colores o objetos decorativos, pero \u00bfc\u00f3mo utilizar texturas en la cocina? Te vamos a dar todas las claves.\u00a0<\/p>\n","protected":false},"author":9,"featured_media":0,"comment_status":"open","ping_status":"open","sticky":false,"template":"","format":"standard","meta":{"twitterCardType":"","cardImageID":0,"cardImage":"","cardTitle":"","cardDesc":"","cardImageAlt":"","cardPlayer":"","cardPlayerWidth":0,"cardPlayerHeight":0,"cardPlayerStream":"","cardPlayerCodec":""},"categories":[56],"tags":[],"_links":{"self":[{"href":"https:\/\/www.decoractiva.com\/blog\/wp-json\/wp\/v2\/posts\/3244"}],"collection":[{"href":"https:\/\/www.decoractiva.com\/blog\/wp-json\/wp\/v2\/posts"}],"about":[{"href":"https:\/\/www.decoractiva.com\/blog\/wp-json\/wp\/v2\/types\/post"}],"author":[{"embeddable":true,"href":"https:\/\/www.decoractiva.com\/blog\/wp-json\/wp\/v2\/users\/9"}],"replies":[{"embeddable":true,"href":"https:\/\/www.decoractiva.com\/blog\/wp-json\/wp\/v2\/comments?post=3244"}],"version-history":[{"count":1,"href":"https:\/\/www.decoractiva.com\/blog\/wp-json\/wp\/v2\/posts\/3244\/revisions"}],"predecessor-version":[{"id":3245,"href":"https:\/\/www.decoractiva.com\/blog\/wp-json\/wp\/v2\/posts\/3244\/revisions\/3245"}],"wp:attachment":[{"href":"https:\/\/www.decoractiva.com\/blog\/wp-json\/wp\/v2\/media?parent=3244"}],"wp:term":[{"taxonomy":"category","embeddable":true,"href":"https:\/\/www.decoractiva.com\/blog\/wp-json\/wp\/v2\/categories?post=3244"},{"taxonomy":"post_tag","embeddable":true,"href":"https:\/\/www.decoractiva.com\/blog\/wp-json\/wp\/v2\/tags?post=3244"}],"curies":[{"name":"wp","href":"https:\/\/api.w.org\/{rel}","templated":true}]}}