{"id":3345,"date":"2022-05-06T10:24:30","date_gmt":"2022-05-06T10:24:30","guid":{"rendered":"https:\/\/www.decoractiva.com\/blog\/?p=3345"},"modified":"2022-05-06T10:24:30","modified_gmt":"2022-05-06T10:24:30","slug":"consejos-para-hacer-la-colada-perfecta","status":"publish","type":"post","link":"https:\/\/www.decoractiva.com\/blog\/2022\/05\/consejos-para-hacer-la-colada-perfecta\/","title":{"rendered":"Consejos para hacer la colada perfecta"},"content":{"rendered":"<p><a href=\"https:\/\/www.decoractiva.com\/blog\/wp-content\/uploads\/2022\/05\/clothing-g7b5585cf8_1920.jpg\"><img decoding=\"async\" loading=\"lazy\" class=\"alignnone size-large wp-image-3346\" src=\"https:\/\/www.decoractiva.com\/blog\/wp-content\/uploads\/2022\/05\/clothing-g7b5585cf8_1920-1024x683.jpg\" alt=\"\" width=\"1024\" height=\"683\" srcset=\"https:\/\/www.decoractiva.com\/blog\/wp-content\/uploads\/2022\/05\/clothing-g7b5585cf8_1920-1024x683.jpg 1024w, https:\/\/www.decoractiva.com\/blog\/wp-content\/uploads\/2022\/05\/clothing-g7b5585cf8_1920-300x200.jpg 300w, https:\/\/www.decoractiva.com\/blog\/wp-content\/uploads\/2022\/05\/clothing-g7b5585cf8_1920-768x512.jpg 768w, https:\/\/www.decoractiva.com\/blog\/wp-content\/uploads\/2022\/05\/clothing-g7b5585cf8_1920-1536x1025.jpg 1536w, https:\/\/www.decoractiva.com\/blog\/wp-content\/uploads\/2022\/05\/clothing-g7b5585cf8_1920.jpg 1920w\" sizes=\"(max-width: 1024px) 100vw, 1024px\" \/><\/a><\/p>\n<p><span style=\"font-weight: 400;\">Si quieres saber c\u00f3mo gastar menos a la hora de hacer la colada, te animamos a seguir estas recomendaciones que te servir\u00e1n en tu d\u00eda a d\u00eda. \u00a1C\u00f3mo nos gusta en Decoractiva ayudarte en casa!<\/span><\/p>\n<p><!--more--><\/p>\n<p><span style=\"font-weight: 400;\">La primera regla de oro, es que lo que no est\u00e9 sucio, no lo laves. Si una prenda est\u00e1 limpia y solo tiene cierto mal olor, puede bastar con tenderla y airearla. Evitar\u00e1s el deterioro de la ropa y el impacto medioambiental.\u00a0<\/span><\/p>\n<p><span style=\"font-weight: 400;\">Por supuesto, otra m\u00e1xima importante es tener en cuenta la etiqueta energ\u00e9tica. Si vas a comprar una lavadora nueva, no te descuides, porque a m\u00e1s eficiencia, menos electricidad y agua gastar\u00e1.<\/span><\/p>\n<p><span style=\"font-weight: 400;\">Tambi\u00e9n debes prestar atenci\u00f3n a los horarios. La electricidad, como ya sabes, tiene un precio distinto en funci\u00f3n del tramo correspondiente.<\/span><\/p>\n<p><span style=\"font-weight: 400;\">No te olvides de organizar la ropa antes de meterla en lavadora. Organiza en cestos por colores y si adem\u00e1s las almacenas dobladas, evitar\u00e1s arrugas y el deterioro de la ropa.\u00a0<\/span><\/p>\n<p><span style=\"font-weight: 400;\">Antes de poner la lavadora, pasa revista y comprueba que los bolsillos est\u00e1n vac\u00edos y aseg\u00farate de que tienes todas las prendas que forman parte de conjuntos, y siempre cierra los velcros para que no se peguen a otras prendas.\u00a0<\/span><\/p>\n<p><span style=\"font-weight: 400;\">Separa colores claros y oscuros, ya que las prendas que son nuevas suelen despintar en sus primeros lavados.\u00a0<\/span><\/p>\n<p><span style=\"font-weight: 400;\"><br \/>\n<\/span><span style=\"font-weight: 400;\"> Pon lo m\u00e1s sucio, en una lavadora aparte: si tienes alguna prenda muy sucia, no la mezcles con el resto, ya que la suciedad puede transferirse. Haz una colada espec\u00edfica para estas prendas, en las que adem\u00e1s pongas el prelavado y, si es posible, con una temperatura m\u00e1s alta. <\/span><span style=\"font-weight: 400;\"><br \/>\n<\/span><span style=\"font-weight: 400;\">\u00a0<\/span><\/p>\n<p><span style=\"font-weight: 400;\">Ten cuidado con la cantidad de detergente y suavizante. Si echas mucha cantidad prolongar\u00e1s el aclarado, con el consiguiente gasto de energ\u00eda y agua, adem\u00e1s del impacto en el medio ambiente.<\/span><\/p>\n<p><span style=\"font-weight: 400;\">Por ultimo, evita cargar mucho la lavadora, porque esto puede ser muy perjudicial para tu electrodom\u00e9stico y puede averiarse.\u00a0 Recuerda que es necesario que la ropa tenga espacio para moverse dentro del tambor para que se lave y se aclare bien. Si no tiene espacio, har\u00e1s que los ciclos sean m\u00e1s largos y gastes m\u00e1s agua, echando al traste la eficiencia de tu colada. <\/span><span style=\"font-weight: 400;\"><br \/>\n<\/span><span style=\"font-weight: 400;\">\u00a0<\/span><\/p>\n","protected":false},"excerpt":{"rendered":"<p>Si quieres saber c\u00f3mo gastar menos a la hora de hacer la colada, te animamos a seguir estas recomendaciones que te servir\u00e1n en tu d\u00eda a d\u00eda. \u00a1C\u00f3mo nos gusta en Decoractiva ayudarte en casa!<\/p>\n","protected":false},"author":9,"featured_media":0,"comment_status":"open","ping_status":"open","sticky":false,"template":"","format":"standard","meta":{"twitterCardType":"","cardImageID":0,"cardImage":"","cardTitle":"","cardDesc":"","cardImageAlt":"","cardPlayer":"","cardPlayerWidth":0,"cardPlayerHeight":0,"cardPlayerStream":"","cardPlayerCodec":""},"categories":[52],"tags":[],"_links":{"self":[{"href":"https:\/\/www.decoractiva.com\/blog\/wp-json\/wp\/v2\/posts\/3345"}],"collection":[{"href":"https:\/\/www.decoractiva.com\/blog\/wp-json\/wp\/v2\/posts"}],"about":[{"href":"https:\/\/www.decoractiva.com\/blog\/wp-json\/wp\/v2\/types\/post"}],"author":[{"embeddable":true,"href":"https:\/\/www.decoractiva.com\/blog\/wp-json\/wp\/v2\/users\/9"}],"replies":[{"embeddable":true,"href":"https:\/\/www.decoractiva.com\/blog\/wp-json\/wp\/v2\/comments?post=3345"}],"version-history":[{"count":2,"href":"https:\/\/www.decoractiva.com\/blog\/wp-json\/wp\/v2\/posts\/3345\/revisions"}],"predecessor-version":[{"id":3348,"href":"https:\/\/www.decoractiva.com\/blog\/wp-json\/wp\/v2\/posts\/3345\/revisions\/3348"}],"wp:attachment":[{"href":"https:\/\/www.decoractiva.com\/blog\/wp-json\/wp\/v2\/media?parent=3345"}],"wp:term":[{"taxonomy":"category","embeddable":true,"href":"https:\/\/www.decoractiva.com\/blog\/wp-json\/wp\/v2\/categories?post=3345"},{"taxonomy":"post_tag","embeddable":true,"href":"https:\/\/www.decoractiva.com\/blog\/wp-json\/wp\/v2\/tags?post=3345"}],"curies":[{"name":"wp","href":"https:\/\/api.w.org\/{rel}","templated":true}]}}