{"id":3403,"date":"2022-07-27T08:46:10","date_gmt":"2022-07-27T08:46:10","guid":{"rendered":"https:\/\/www.decoractiva.com\/blog\/?p=3403"},"modified":"2022-07-31T11:09:43","modified_gmt":"2022-07-31T11:09:43","slug":"dos-combis-de-bosch-elegidos-compra-eco","status":"publish","type":"post","link":"https:\/\/www.decoractiva.com\/blog\/2022\/07\/dos-combis-de-bosch-elegidos-compra-eco\/","title":{"rendered":"Dos combis de Bosch, elegidos Compra ECO"},"content":{"rendered":"<p><a href=\"https:\/\/www.decoractiva.com\/blog\/wp-content\/uploads\/2022\/07\/J3123_2361379_KGN39VIDA_PGA5-1.jpg\"><img decoding=\"async\" loading=\"lazy\" class=\"alignnone size-full wp-image-3404\" src=\"https:\/\/www.decoractiva.com\/blog\/wp-content\/uploads\/2022\/07\/J3123_2361379_KGN39VIDA_PGA5-1.jpg\" alt=\"\" width=\"700\" height=\"394\" srcset=\"https:\/\/www.decoractiva.com\/blog\/wp-content\/uploads\/2022\/07\/J3123_2361379_KGN39VIDA_PGA5-1.jpg 700w, https:\/\/www.decoractiva.com\/blog\/wp-content\/uploads\/2022\/07\/J3123_2361379_KGN39VIDA_PGA5-1-300x169.jpg 300w\" sizes=\"(max-width: 700px) 100vw, 700px\" \/><\/a><\/p>\n<p><span style=\"font-weight: 400;\">Un organizaci\u00f3n de consumidores ha reconocido a dos modelos de frigor\u00edficos de la marca Bosch como \u00abCompra ECO\u00bb. Este reconocimiento se concede a aparatos de buena calidad y que cuentan con una muy buena clasificaci\u00f3n en impacto ambiental, y contempla tanto el consumo energ\u00e9tico, como el nivel sonoro.<\/span><\/p>\n<p><!--more--><\/p>\n<p><span style=\"font-weight: 400;\">Para Bosch, la sostenibilidad supone un valor fundamental. Por ello, equipan muchos de sus frigor\u00edficos con tecnolog\u00eda VitaFresh. Un sistema encargado de prolongar la conservaci\u00f3n de los alimentos durante mucho m\u00e1s tiempo, ya que permite ajustar la temperatura y humedad del interior del equipo para alcanzar las condiciones \u00f3ptimas de conservaci\u00f3n. Esto es posible gracias a los cajones con par\u00e1metros espec\u00edficos que integra, tanto para frutas y verduras como para carnes y pescados. De este modo, se reduce significativamente el desperdicio de alimentos.<\/span><\/p>\n<p><span style=\"font-weight: 400;\">Adem\u00e1s, este estudio comparativo tambi\u00e9n revela que los frigor\u00edficos combis Bosch destacan por su bajo consumo energ\u00e9tico y su reducido nivel sonoro. No son las \u00fanicas ventajas que poseen desde el punto de vista de la sostenibilidad, ya que tambi\u00e9n proporcionan estabilidad de la temperatura y la capacidad de enfriamiento y dispone de un favorable nivel de autonom\u00eda.<\/span><\/p>\n<p><span style=\"font-weight: 400;\">\u00bfQuieres saber cu\u00e1les son esos modelos? En concreto, se trata de los frigor\u00edficos KGN39VIDA y KGN393IDB. Ven a conocerlos a Decoractiva.\u00a0<\/span><\/p>\n","protected":false},"excerpt":{"rendered":"<p>Un organizaci\u00f3n de consumidores ha reconocido a dos modelos de frigor\u00edficos de la marca Bosch como \u00abCompra ECO\u00bb. Este reconocimiento se concede a aparatos de buena calidad y que cuentan con una muy buena clasificaci\u00f3n en impacto ambiental, y contempla tanto el consumo energ\u00e9tico, como el nivel sonoro.<\/p>\n","protected":false},"author":9,"featured_media":0,"comment_status":"open","ping_status":"open","sticky":false,"template":"","format":"standard","meta":{"twitterCardType":"","cardImageID":0,"cardImage":"","cardTitle":"","cardDesc":"","cardImageAlt":"","cardPlayer":"","cardPlayerWidth":0,"cardPlayerHeight":0,"cardPlayerStream":"","cardPlayerCodec":""},"categories":[76,52],"tags":[],"_links":{"self":[{"href":"https:\/\/www.decoractiva.com\/blog\/wp-json\/wp\/v2\/posts\/3403"}],"collection":[{"href":"https:\/\/www.decoractiva.com\/blog\/wp-json\/wp\/v2\/posts"}],"about":[{"href":"https:\/\/www.decoractiva.com\/blog\/wp-json\/wp\/v2\/types\/post"}],"author":[{"embeddable":true,"href":"https:\/\/www.decoractiva.com\/blog\/wp-json\/wp\/v2\/users\/9"}],"replies":[{"embeddable":true,"href":"https:\/\/www.decoractiva.com\/blog\/wp-json\/wp\/v2\/comments?post=3403"}],"version-history":[{"count":3,"href":"https:\/\/www.decoractiva.com\/blog\/wp-json\/wp\/v2\/posts\/3403\/revisions"}],"predecessor-version":[{"id":3407,"href":"https:\/\/www.decoractiva.com\/blog\/wp-json\/wp\/v2\/posts\/3403\/revisions\/3407"}],"wp:attachment":[{"href":"https:\/\/www.decoractiva.com\/blog\/wp-json\/wp\/v2\/media?parent=3403"}],"wp:term":[{"taxonomy":"category","embeddable":true,"href":"https:\/\/www.decoractiva.com\/blog\/wp-json\/wp\/v2\/categories?post=3403"},{"taxonomy":"post_tag","embeddable":true,"href":"https:\/\/www.decoractiva.com\/blog\/wp-json\/wp\/v2\/tags?post=3403"}],"curies":[{"name":"wp","href":"https:\/\/api.w.org\/{rel}","templated":true}]}}