{"id":570,"date":"2013-08-29T11:58:39","date_gmt":"2013-08-29T11:58:39","guid":{"rendered":"https:\/\/www.decoractiva.com\/blog\/?p=570"},"modified":"2014-03-27T13:05:05","modified_gmt":"2014-03-27T13:05:05","slug":"pequenas-y-con-encanto","status":"publish","type":"post","link":"https:\/\/www.decoractiva.com\/blog\/2013\/08\/pequenas-y-con-encanto\/","title":{"rendered":"PEQUE\u00d1AS Y CON ENCANTO."},"content":{"rendered":"<p>Casi siempre que pensamos en una cocina con encanto, en la cocina de nuestros sue\u00f1os, la imaginamos espaciosa, amplia, luminosa\u2026 Aunque la realidad es que la mayor\u00eda de nosotros tenemos que contentarnos con una cocina de dimensiones, digamos, modestas. Por eso nos encanta el reto de sacarle el m\u00e1ximo partido a ese espacio tan importante en una casa como es la cocina. Y se pueden conseguir grandes resultados con un poco de imaginaci\u00f3n, sentido pr\u00e1ctico y gusto. Y si no, mirad estas peque\u00f1as cocinas con encanto:<\/p>\n<p>Sin duda, su encanto reside en la luz natural, la elecci\u00f3n del color, y esos peque\u00f1os detalles retro.<\/p>\n<p><a href=\"https:\/\/www.decoractiva.com\/blog\/wp-content\/uploads\/2013\/08\/retro-kitchen-design-ideas-1.jpg\"><img decoding=\"async\" loading=\"lazy\" class=\"size-medium wp-image-572 aligncenter\" alt=\"retro-kitchen-design-ideas-1\" src=\"https:\/\/www.decoractiva.com\/blog\/wp-content\/uploads\/2013\/08\/retro-kitchen-design-ideas-1-225x300.jpg\" width=\"225\" height=\"300\" srcset=\"https:\/\/www.decoractiva.com\/blog\/wp-content\/uploads\/2013\/08\/retro-kitchen-design-ideas-1-225x300.jpg 225w, https:\/\/www.decoractiva.com\/blog\/wp-content\/uploads\/2013\/08\/retro-kitchen-design-ideas-1.jpg 480w\" sizes=\"(max-width: 225px) 100vw, 225px\" \/><\/a><br \/>\nUn estilo muy diferente en esta peque\u00f1a cocina, en blanco y madera. La zona de cocci\u00f3n integrada en la barra, se alarga con un tabl\u00f3n de madera para aprovecharla tambi\u00e9n como zona de office.<\/p>\n<p><a href=\"https:\/\/www.decoractiva.com\/blog\/wp-content\/uploads\/2013\/08\/Captura-de-pantalla-2013-08-29-a-las-10.28.42.png\"><img decoding=\"async\" loading=\"lazy\" class=\"size-medium wp-image-560 aligncenter\" alt=\"Captura de pantalla 2013-08-29 a las 10.28.42\" src=\"https:\/\/www.decoractiva.com\/blog\/wp-content\/uploads\/2013\/08\/Captura-de-pantalla-2013-08-29-a-las-10.28.42-207x300.png\" width=\"207\" height=\"300\" srcset=\"https:\/\/www.decoractiva.com\/blog\/wp-content\/uploads\/2013\/08\/Captura-de-pantalla-2013-08-29-a-las-10.28.42-207x300.png 207w, https:\/\/www.decoractiva.com\/blog\/wp-content\/uploads\/2013\/08\/Captura-de-pantalla-2013-08-29-a-las-10.28.42.png 476w\" sizes=\"(max-width: 207px) 100vw, 207px\" \/><\/a><\/p>\n<p>El gran acierto de esta cocina es la elecci\u00f3n de los colores c\u00e1lidos y la luz natural. Nos gusta la disposici\u00f3n de los elementos, alineados en la pared. Y su preciosa salida al exterior\u2026<\/p>\n<p><a href=\"https:\/\/www.decoractiva.com\/blog\/wp-content\/uploads\/2013\/08\/Captura-de-pantalla-2013-08-29-a-las-10.34.20.png\"><img decoding=\"async\" loading=\"lazy\" class=\"size-medium wp-image-567 aligncenter\" alt=\"Captura de pantalla 2013-08-29 a las 10.34.20\" src=\"https:\/\/www.decoractiva.com\/blog\/wp-content\/uploads\/2013\/08\/Captura-de-pantalla-2013-08-29-a-las-10.34.20-286x300.png\" width=\"286\" height=\"300\" srcset=\"https:\/\/www.decoractiva.com\/blog\/wp-content\/uploads\/2013\/08\/Captura-de-pantalla-2013-08-29-a-las-10.34.20-286x300.png 286w, https:\/\/www.decoractiva.com\/blog\/wp-content\/uploads\/2013\/08\/Captura-de-pantalla-2013-08-29-a-las-10.34.20.png 787w\" sizes=\"(max-width: 286px) 100vw, 286px\" \/><\/a><\/p>\n<p>Esta cocina integrada en el sal\u00f3n es pr\u00e1ctica y funcional. Para espacios muy reducidos.<\/p>\n<p><a href=\"https:\/\/www.decoractiva.com\/blog\/wp-content\/uploads\/2013\/08\/Captura-de-pantalla-2013-08-29-a-las-10.19.59.png\"><img decoding=\"async\" loading=\"lazy\" class=\"size-medium wp-image-559 aligncenter\" alt=\"Captura de pantalla 2013-08-29 a las 10.19.59\" src=\"https:\/\/www.decoractiva.com\/blog\/wp-content\/uploads\/2013\/08\/Captura-de-pantalla-2013-08-29-a-las-10.19.59-200x300.png\" width=\"200\" height=\"300\" srcset=\"https:\/\/www.decoractiva.com\/blog\/wp-content\/uploads\/2013\/08\/Captura-de-pantalla-2013-08-29-a-las-10.19.59-200x300.png 200w, https:\/\/www.decoractiva.com\/blog\/wp-content\/uploads\/2013\/08\/Captura-de-pantalla-2013-08-29-a-las-10.19.59.png 477w\" sizes=\"(max-width: 200px) 100vw, 200px\" \/><\/a><\/p>\n<p>Quiz\u00e1 sea la cocina de una casita en la playa. La elecci\u00f3n de colores nos gusta por su frescura y luminosidad. Indicada para espacios muy reducidos, y para un uso espor\u00e1dico.<\/p>\n<p><a href=\"https:\/\/www.decoractiva.com\/blog\/wp-content\/uploads\/2013\/08\/decorar-cocinas-pequenas.jpg\"><img decoding=\"async\" loading=\"lazy\" class=\"size-medium wp-image-564 aligncenter\" alt=\"decorar-cocinas-pequenas\" src=\"https:\/\/www.decoractiva.com\/blog\/wp-content\/uploads\/2013\/08\/decorar-cocinas-pequenas-300x292.jpg\" width=\"300\" height=\"292\" srcset=\"https:\/\/www.decoractiva.com\/blog\/wp-content\/uploads\/2013\/08\/decorar-cocinas-pequenas-300x292.jpg 300w, https:\/\/www.decoractiva.com\/blog\/wp-content\/uploads\/2013\/08\/decorar-cocinas-pequenas.jpg 680w\" sizes=\"(max-width: 300px) 100vw, 300px\" \/><\/a><\/p>\n<p>Una cocina vintage, quiz\u00e1 un poco recargada, pero sin duda con un encanto especial.<\/p>\n<p><a href=\"https:\/\/www.decoractiva.com\/blog\/wp-content\/uploads\/2013\/08\/decorar-una-cocina-pequena.jpg\"><img decoding=\"async\" loading=\"lazy\" class=\"size-medium wp-image-565 aligncenter\" alt=\"decorar-una-cocina-pequena\" src=\"https:\/\/www.decoractiva.com\/blog\/wp-content\/uploads\/2013\/08\/decorar-una-cocina-pequena-235x300.jpg\" width=\"235\" height=\"300\" srcset=\"https:\/\/www.decoractiva.com\/blog\/wp-content\/uploads\/2013\/08\/decorar-una-cocina-pequena-235x300.jpg 235w, https:\/\/www.decoractiva.com\/blog\/wp-content\/uploads\/2013\/08\/decorar-una-cocina-pequena.jpg 569w\" sizes=\"(max-width: 235px) 100vw, 235px\" \/><\/a><\/p>\n<p>Un tablero bajo una ventana y tenemos un agradable rinc\u00f3n para desayunar.<\/p>\n<p><a href=\"https:\/\/www.decoractiva.com\/blog\/wp-content\/uploads\/2013\/08\/cocinas-pequenas-muebles-cocina-consejos-1.jpg\"><img decoding=\"async\" loading=\"lazy\" class=\"size-medium wp-image-563 aligncenter\" alt=\"cocinas-pequenas-muebles-cocina-consejos-1\" src=\"https:\/\/www.decoractiva.com\/blog\/wp-content\/uploads\/2013\/08\/cocinas-pequenas-muebles-cocina-consejos-1-240x300.jpg\" width=\"240\" height=\"300\" srcset=\"https:\/\/www.decoractiva.com\/blog\/wp-content\/uploads\/2013\/08\/cocinas-pequenas-muebles-cocina-consejos-1-240x300.jpg 240w, https:\/\/www.decoractiva.com\/blog\/wp-content\/uploads\/2013\/08\/cocinas-pequenas-muebles-cocina-consejos-1.jpg 500w\" sizes=\"(max-width: 240px) 100vw, 240px\" \/><\/a><\/p>\n","protected":false},"excerpt":{"rendered":"<p>Casi siempre que pensamos en una cocina con encanto, en la cocina de nuestros sue\u00f1os, la imaginamos espaciosa, amplia, luminosa\u2026 Aunque la realidad es que la mayor\u00eda de nosotros tenemos que contentarnos con una cocina de dimensiones, digamos, modestas. Por eso nos encanta el reto de sacarle el m\u00e1ximo partido a ese espacio tan importante [&hellip;]<\/p>\n","protected":false},"author":1,"featured_media":567,"comment_status":"open","ping_status":"open","sticky":false,"template":"","format":"standard","meta":{"twitterCardType":"","cardImageID":0,"cardImage":"","cardTitle":"","cardDesc":"","cardImageAlt":"","cardPlayer":"","cardPlayerWidth":0,"cardPlayerHeight":0,"cardPlayerStream":"","cardPlayerCodec":""},"categories":[56,47,37,92],"tags":[46,38,27,131,104,130,25,26,379,28,50,29],"_links":{"self":[{"href":"https:\/\/www.decoractiva.com\/blog\/wp-json\/wp\/v2\/posts\/570"}],"collection":[{"href":"https:\/\/www.decoractiva.com\/blog\/wp-json\/wp\/v2\/posts"}],"about":[{"href":"https:\/\/www.decoractiva.com\/blog\/wp-json\/wp\/v2\/types\/post"}],"author":[{"embeddable":true,"href":"https:\/\/www.decoractiva.com\/blog\/wp-json\/wp\/v2\/users\/1"}],"replies":[{"embeddable":true,"href":"https:\/\/www.decoractiva.com\/blog\/wp-json\/wp\/v2\/comments?post=570"}],"version-history":[{"count":6,"href":"https:\/\/www.decoractiva.com\/blog\/wp-json\/wp\/v2\/posts\/570\/revisions"}],"predecessor-version":[{"id":901,"href":"https:\/\/www.decoractiva.com\/blog\/wp-json\/wp\/v2\/posts\/570\/revisions\/901"}],"wp:featuredmedia":[{"embeddable":true,"href":"https:\/\/www.decoractiva.com\/blog\/wp-json\/wp\/v2\/media\/567"}],"wp:attachment":[{"href":"https:\/\/www.decoractiva.com\/blog\/wp-json\/wp\/v2\/media?parent=570"}],"wp:term":[{"taxonomy":"category","embeddable":true,"href":"https:\/\/www.decoractiva.com\/blog\/wp-json\/wp\/v2\/categories?post=570"},{"taxonomy":"post_tag","embeddable":true,"href":"https:\/\/www.decoractiva.com\/blog\/wp-json\/wp\/v2\/tags?post=570"}],"curies":[{"name":"wp","href":"https:\/\/api.w.org\/{rel}","templated":true}]}}