{"id":935,"date":"2014-04-02T11:35:16","date_gmt":"2014-04-02T11:35:16","guid":{"rendered":"https:\/\/www.decoractiva.com\/blog\/?p=935"},"modified":"2014-04-02T11:44:08","modified_gmt":"2014-04-02T11:44:08","slug":"la-rica-gastronomia-de-semana-santa","status":"publish","type":"post","link":"https:\/\/www.decoractiva.com\/blog\/2014\/04\/la-rica-gastronomia-de-semana-santa\/","title":{"rendered":"La rica gastronom\u00eda de Semana Santa"},"content":{"rendered":"<p dir=\"ltr\">Se acerca la Semana Santa y con ella el tiempo de vacaciones, procesiones, reencuentros, escapadas y gastronom\u00eda, mucha gastronom\u00eda.<\/p>\n<p>Precisamente de esto es de lo que vamos a hablar en nuestra entrada de hoy, de la gastronom\u00eda que destaca en esos d\u00edas a lo largo y ancho de todo el territorio nacional.<\/p>\n<p><!--more--><\/p>\n<p dir=\"ltr\">En esta \u00e9poca del a\u00f1o son muy comunes los potajes, las legumbres y los pescados, y si hay un pescado que destaca sobre el resto ese es el bacalao salado, que aparece en diversos platos como los <a href=\"http:\/\/gastronomia.excite.es\/recetas-de-cocina-bunuelos-de-bacalao-N22043.html\">bu\u00f1uelos de bacalao<\/a>, las croquetas, tortillitas y el <a href=\"http:\/\/www.pepekitchen.com\/articulo\/potaje-de-vigilia-receta-tradicional-de-semana-santa\/\">potaje de vigilia<\/a>.<\/p>\n<p><img decoding=\"async\" loading=\"lazy\" alt=\"potaje vigilia pepekitchen.jpg\" src=\"https:\/\/lh6.googleusercontent.com\/Szlipy3RCehWaVMHVvJ-W5WkHOn0ZlP9DnXYqdOU3Gwp1gBOlfW7SEXtZ9NNwWWRKGhgnmUkhpPptxjuGcF82s4dLLCZCBpdAHNo_9S69kFA49HvHe-t_o0ZblXQpA\" width=\"600px;\" height=\"450px;\" \/><\/p>\n<p dir=\"ltr\">Otro plato muy t\u00edpico en estas fechas es la\u00a0<a href=\"http:\/\/notengoundurodotorg.wordpress.com\/2013\/03\/28\/sopa-de-ajo-para-semana-santa\/\">sopa de ajo<\/a> presente sobre todo en el norte de Espa\u00f1a. Este plato tiene \u00a0muchas modalidades dependiendo de la zona geogr\u00e1fica donde nos encontremos pero si tiene un denominador com\u00fan esa es su magn\u00edfica capacidad para hacer entrar en calor al que la consume.<\/p>\n<p dir=\"ltr\"><strong>Dulces<\/strong><\/p>\n<p dir=\"ltr\"><strong><\/strong>La reposter\u00eda tambi\u00e9n ocupa un lugar destacado durante la Semana Santa. \u00bfQui\u00e9n no ha probado las<a href=\"http:\/\/www.blogseitb.com\/recetasdecocina\/2012\/04\/02\/torrijas-de-semana-santa\/\"> torrijas<\/a> y los<a href=\"http:\/\/www.pequerecetas.com\/receta\/pestinos-receta-paso-paso\/\"> pesti\u00f1os<\/a>? Sin duda son los dulces m\u00e1s conocidos de estos d\u00edas, especialmente las torrijas y todas sus variedades, que en cada casa tienen un sabor especial transmitido de generaci\u00f3n en generaci\u00f3n.<\/p>\n<p><img decoding=\"async\" loading=\"lazy\" alt=\"torrijas.jpg\" src=\"https:\/\/lh4.googleusercontent.com\/N8kHMqqKI3hNmdWr4gnvyKP8enxCSUgEvHEh20hDL_I3cKYtX5wfo-rPPhzTyGf2tuky8H5wwcD7KCALNdfh1vsRLzxvp4M-gO0gHpjmck4VAfn9t8KJu6oLsS7vqA\" width=\"573px;\" height=\"383px;\" \/><\/p>\n<p>El hornazo o la mona de pascua es otro de los dulces t\u00edpicos pero que var\u00eda en funci\u00f3n del municipio donde estemos, tanto en su sabor como en su aspecto. La imagen que pod\u00e9is ver a continuaci\u00f3n es de <a href=\"http:\/\/www.amorycanela.com\/2013\/03\/hornazos-de-huelva.html\">un hornazo de Huelva<\/a>.<\/p>\n<p dir=\"ltr\"><img decoding=\"async\" loading=\"lazy\" alt=\"hornazo.jpg\" src=\"https:\/\/lh3.googleusercontent.com\/C2a_axah3Z1SY2QgfM4Q5qfYH-gR4-k_l8d9ZmCSpJW9NF1qUcMU5rlSL25mb7oH18o_dcV-m4JakmFRtzLfMG8hYwlKiox4e50lqt5v2keUrxQwcHZMyzn6iprM7g\" width=\"624px;\" height=\"416px;\" \/><\/p>\n<p>La reposter\u00eda de Semana Santa tambi\u00e9n incluye la <a href=\"http:\/\/javirecetas.hola.com\/leche-frita-receta-paso-a-paso\/\">leche frita<\/a> muy com\u00fan tanto en el norte como en Andaluc\u00eda, los ga\u00f1otes, muy conocidos en la zona de C\u00e1diz, los huevos de pascua como tradici\u00f3n importada y las<a href=\"http:\/\/lasrecetasdealberto.blogspot.com.es\/2009\/11\/frutas-de-sarten-con-miel.html\"> frutas de sart\u00e9n con miel<\/a>, t\u00edpicas de Castilla- La Mancha.<\/p>\n","protected":false},"excerpt":{"rendered":"<p>Se acerca la Semana Santa y con ella el tiempo de vacaciones, procesiones, reencuentros, escapadas y gastronom\u00eda, mucha gastronom\u00eda. Precisamente de esto es de lo que vamos a hablar en nuestra entrada de hoy, de la gastronom\u00eda que destaca en esos d\u00edas a lo largo y ancho de todo el territorio nacional.<\/p>\n","protected":false},"author":1,"featured_media":0,"comment_status":"open","ping_status":"open","sticky":false,"template":"","format":"standard","meta":{"twitterCardType":"","cardImageID":0,"cardImage":"","cardTitle":"","cardDesc":"","cardImageAlt":"","cardPlayer":"","cardPlayerWidth":0,"cardPlayerHeight":0,"cardPlayerStream":"","cardPlayerCodec":""},"categories":[76,5],"tags":[216,215,213,218,217,11,214],"_links":{"self":[{"href":"https:\/\/www.decoractiva.com\/blog\/wp-json\/wp\/v2\/posts\/935"}],"collection":[{"href":"https:\/\/www.decoractiva.com\/blog\/wp-json\/wp\/v2\/posts"}],"about":[{"href":"https:\/\/www.decoractiva.com\/blog\/wp-json\/wp\/v2\/types\/post"}],"author":[{"embeddable":true,"href":"https:\/\/www.decoractiva.com\/blog\/wp-json\/wp\/v2\/users\/1"}],"replies":[{"embeddable":true,"href":"https:\/\/www.decoractiva.com\/blog\/wp-json\/wp\/v2\/comments?post=935"}],"version-history":[{"count":8,"href":"https:\/\/www.decoractiva.com\/blog\/wp-json\/wp\/v2\/posts\/935\/revisions"}],"predecessor-version":[{"id":942,"href":"https:\/\/www.decoractiva.com\/blog\/wp-json\/wp\/v2\/posts\/935\/revisions\/942"}],"wp:attachment":[{"href":"https:\/\/www.decoractiva.com\/blog\/wp-json\/wp\/v2\/media?parent=935"}],"wp:term":[{"taxonomy":"category","embeddable":true,"href":"https:\/\/www.decoractiva.com\/blog\/wp-json\/wp\/v2\/categories?post=935"},{"taxonomy":"post_tag","embeddable":true,"href":"https:\/\/www.decoractiva.com\/blog\/wp-json\/wp\/v2\/tags?post=935"}],"curies":[{"name":"wp","href":"https:\/\/api.w.org\/{rel}","templated":true}]}}